{"id":998,"date":"2025-08-14T16:39:46","date_gmt":"2025-08-14T14:39:46","guid":{"rendered":"https:\/\/icaourense.gal\/?p=998"},"modified":"2025-09-03T15:24:23","modified_gmt":"2025-09-03T13:24:23","slug":"pesar-por-el-fallecimiento-de-marisol-novoa-abogada-colegiada-de-este-ilustre-colexio-da-avogacia","status":"publish","type":"post","link":"https:\/\/icaourense.gal\/gl\/pesar-por-el-fallecimiento-de-marisol-novoa-abogada-colegiada-de-este-ilustre-colexio-da-avogacia\/","title":{"rendered":"Pesar polo falecemento de Marisol N\u00f3voa, avogada colexiada deste Ilustre Colexio da Avogac\u00eda"},"content":{"rendered":"<p class=\"translation-block\">O Ilustre Colexio da Avogac\u00eda de Ourense amosa o seu pesar polo falecemento da nosa compa\u00f1eira <strong>Marisol N\u00f3voa<\/strong>, avogada de profesi\u00f3n e presidenta da Confederaci\u00f3n Empresarial de Ourense.<\/p>\n\n\n\n<p>Primeira muller en liderar dita instituci\u00f3n, N\u00f3voa desenvolveu unha destacada traxectoria profesional no eido xur\u00eddico, exercendo a avogac\u00eda con dedicaci\u00f3n, rigor e compromiso, e mant\u00e9ndose en activo ata o final.<\/p>\n\n\n\n<p>O seu traballo e o seu exemplo deixan unha pegada inesquecible tanto no sector empresarial como no mundo da avogac\u00eda. Al\u00e9n da s\u00faa sobresa\u00ednte labor profesional, Marisol ser\u00e1 lembrada pola s\u00faa calidade humana e pola s\u00faa proximidade. <\/p>\n\n\n\n<p>Quen tivemos a oportunidade de compartir con ela traballo e amizade gardaremos sempre a s\u00faa lembranza con admiraci\u00f3n e afecto.<\/p>\n\n\n\n<p>Desde o Ilustre Colexio da Avogac\u00eda trasladamos o noso m\u00e1is sentido pesar \u00e1 s\u00faa familia, amizades e achegados nestes momentos de dor.<\/p>\n\n\n\n<p>Descanse en paz<\/p>\n\n\n\n<p>*Foto: Confederaci\u00f3n de Empresarios de Ourense<\/p>","protected":false},"excerpt":{"rendered":"<p>El Ilustre Colexio da Avogac\u00eda de Ourense muestra su pesar por el fallecimiento de nuestra compa\u00f1era Marisol N\u00f3voa, abogada de profesi\u00f3n y presidenta de la Confederaci\u00f3n Empresarial de Ourense. Primera mujer en liderar dicha instituci\u00f3n, N\u00f3voa desarroll\u00f3 una destacada trayectoria profesional en el \u00e1mbito jur\u00eddico, ejerciendo la abogac\u00eda con dedicaci\u00f3n, rigor y compromiso, manteni\u00e9ndose en &hellip; <\/p>","protected":false},"author":1,"featured_media":1001,"comment_status":"closed","ping_status":"closed","sticky":false,"template":"","format":"standard","meta":{"footnotes":""},"categories":[12],"tags":[],"class_list":["post-998","post","type-post","status-publish","format-standard","has-post-thumbnail","hentry","category-noticias"],"_links":{"self":[{"href":"https:\/\/icaourense.gal\/gl\/wp-json\/wp\/v2\/posts\/998","targetHints":{"allow":["GET"]}}],"collection":[{"href":"https:\/\/icaourense.gal\/gl\/wp-json\/wp\/v2\/posts"}],"about":[{"href":"https:\/\/icaourense.gal\/gl\/wp-json\/wp\/v2\/types\/post"}],"author":[{"embeddable":true,"href":"https:\/\/icaourense.gal\/gl\/wp-json\/wp\/v2\/users\/1"}],"replies":[{"embeddable":true,"href":"https:\/\/icaourense.gal\/gl\/wp-json\/wp\/v2\/comments?post=998"}],"version-history":[{"count":1,"href":"https:\/\/icaourense.gal\/gl\/wp-json\/wp\/v2\/posts\/998\/revisions"}],"predecessor-version":[{"id":1000,"href":"https:\/\/icaourense.gal\/gl\/wp-json\/wp\/v2\/posts\/998\/revisions\/1000"}],"wp:featuredmedia":[{"embeddable":true,"href":"https:\/\/icaourense.gal\/gl\/wp-json\/wp\/v2\/media\/1001"}],"wp:attachment":[{"href":"https:\/\/icaourense.gal\/gl\/wp-json\/wp\/v2\/media?parent=998"}],"wp:term":[{"taxonomy":"category","embeddable":true,"href":"https:\/\/icaourense.gal\/gl\/wp-json\/wp\/v2\/categories?post=998"},{"taxonomy":"post_tag","embeddable":true,"href":"https:\/\/icaourense.gal\/gl\/wp-json\/wp\/v2\/tags?post=998"}],"curies":[{"name":"wp","href":"https:\/\/api.w.org\/{rel}","templated":true}]}}