{"id":994,"date":"2025-08-11T10:42:27","date_gmt":"2025-08-11T08:42:27","guid":{"rendered":"https:\/\/icaourense.gal\/?p=994"},"modified":"2025-09-03T15:24:28","modified_gmt":"2025-09-03T13:24:28","slug":"despues-de-42-anos-trabajando-me-quedaran-319-euros-de-pension-la-advertencia-de-la-decana-de-ourense-sobre-el-colapso-del-sistema-mutualista-de-la-abogacia","status":"publish","type":"post","link":"https:\/\/icaourense.gal\/gl\/despues-de-42-anos-trabajando-me-quedaran-319-euros-de-pension-la-advertencia-de-la-decana-de-ourense-sobre-el-colapso-del-sistema-mutualista-de-la-abogacia\/","title":{"rendered":"\u201cDespu\u00e9s de 42 a\u00f1os trabajando, me quedar\u00e1n 319 euros de pensi\u00f3n\u201d: la advertencia de la decana de Ourense sobre el colapso del sistema mutualista de la Abogac\u00eda"},"content":{"rendered":"<p>Marta G\u00f3mez \u00c1lvarez, decana del Colegio de Abogados de Ourense, denuncia el abandono institucional que sufren miles de letrados que cotizaron durante d\u00e9cadas a la Mutualidad de la Abogac\u00eda, un sistema legal alternativo al RETA que, en la pr\u00e1ctica, no les garantiza una jubilaci\u00f3n digna.<\/p>\n\n\n\n<p>Tras 20 a\u00f1os cotizando exclusivamente a la mutualidad, descubri\u00f3 que la Seguridad Social solo le reconoce 30 d\u00edas de cotizaci\u00f3n y que su pensi\u00f3n futura ser\u00eda m\u00ednima: 319 \u20ac si permanece en la mutualidad o alrededor de 1.300 \u20ac sumando mutualidad y RETA. Se\u00f1ala que este r\u00e9gimen no ofrece prestaciones como baja por maternidad, seguro m\u00e9dico o paro, pese a las mismas exigencias que otros aut\u00f3nomos.<\/p>\n\n\n\n<p>Denuncia adem\u00e1s irregularidades en el cambio de modelo de 2005, cuando se pas\u00f3 de capitalizaci\u00f3n colectiva a individual sin informar a la mayor\u00eda de colegiados, mientras algunos miembros de juntas de gobierno conservaron condiciones ventajosas. Critica la conexi\u00f3n institucional entre la Mutualidad y el Consejo General de la Abogac\u00eda, as\u00ed como un sistema de votaci\u00f3n que, a su juicio, impide a los mutualistas influir en su futuro.<\/p>\n\n\n\n<p>Acusa a la mutualidad de haber construido un gran patrimonio con las aportaciones de los abogados sin que sus beneficios reviertan en ellos. Exige que el Estado asuma su responsabilidad y reconozca como cotizados en el RETA todos los a\u00f1os abonados a la mutualidad, con equivalencia plena, para garantizar una pensi\u00f3n justa.<\/p>\n\n\n\n<p>Su reivindicaci\u00f3n no es individual: busca justicia para miles de profesionales atrapados en un sistema que les deja sin derechos y sin horizonte de jubilaci\u00f3n. <\/p>\n\n\n\n<ul class=\"wp-block-list\">\n<li>Entrevista completa publicada en El Diario de Madrid: <a href=\"https:\/\/www.eldiariodemadrid.es\/articulo\/entrevistas\/42-anos-trabajando-quedan-319-euros-pension-decana-ourense-mutualidad-abogacia\/20250808093020107291.html?fbclid=IwY2xjawMGiNdleHRuA2FlbQIxMQABHm4gjG6MEdHw-ggp6WqjhDkj3zDUpTIxxqSuuDAzwBG9KzCD2Z1cumUdDq5s_aem_7dlv-YkOuiaxHyoqns3_eA\" data-type=\"link\" data-id=\"https:\/\/www.eldiariodemadrid.es\/articulo\/entrevistas\/42-anos-trabajando-quedan-319-euros-pension-decana-ourense-mutualidad-abogacia\/20250808093020107291.html?fbclid=IwY2xjawMGiNdleHRuA2FlbQIxMQABHm4gjG6MEdHw-ggp6WqjhDkj3zDUpTIxxqSuuDAzwBG9KzCD2Z1cumUdDq5s_aem_7dlv-YkOuiaxHyoqns3_eA\">\u201cDespu\u00e9s de 42 a\u00f1os trabajando, me quedar\u00e1n 319 euros de pensi\u00f3n\u201d: la advertencia de la decana de Ourense sobre el colapso del sistema mutualista de la Abogac\u00eda<\/a><\/li>\n\n\n\n<li>Esta entrevista tambi\u00e9n puede leerse en Infobae:<a href=\"https:\/\/www.infobae.com\/espana\/2025\/08\/10\/una-mutualista-denuncia-su-falta-de-derechos-tras-20-anos-cotizando-la-seguridad-social-solo-me-reconoce-30-dias\/\" data-type=\"link\" data-id=\"https:\/\/www.infobae.com\/espana\/2025\/08\/10\/una-mutualista-denuncia-su-falta-de-derechos-tras-20-anos-cotizando-la-seguridad-social-solo-me-reconoce-30-dias\/\"> Una mutualista denuncia su falta de derechos: \u201cTras 20 a\u00f1os cotizando, la Seguridad Social solo me reconoce 30 d\u00edas\u201d<\/a><\/li>\n<\/ul>\n\n\n\n<p><\/p>","protected":false},"excerpt":{"rendered":"<p>Marta G\u00f3mez \u00c1lvarez, decana del Colegio de Abogados de Ourense, denuncia el abandono institucional que sufren miles de letrados que cotizaron durante d\u00e9cadas a la Mutualidad de la Abogac\u00eda, un sistema legal alternativo al RETA que, en la pr\u00e1ctica, no les garantiza una jubilaci\u00f3n digna. Tras 20 a\u00f1os cotizando exclusivamente a la mutualidad, descubri\u00f3 que &hellip; <\/p>","protected":false},"author":1,"featured_media":995,"comment_status":"closed","ping_status":"closed","sticky":false,"template":"","format":"standard","meta":{"footnotes":""},"categories":[12],"tags":[],"class_list":["post-994","post","type-post","status-publish","format-standard","has-post-thumbnail","hentry","category-noticias"],"_links":{"self":[{"href":"https:\/\/icaourense.gal\/gl\/wp-json\/wp\/v2\/posts\/994","targetHints":{"allow":["GET"]}}],"collection":[{"href":"https:\/\/icaourense.gal\/gl\/wp-json\/wp\/v2\/posts"}],"about":[{"href":"https:\/\/icaourense.gal\/gl\/wp-json\/wp\/v2\/types\/post"}],"author":[{"embeddable":true,"href":"https:\/\/icaourense.gal\/gl\/wp-json\/wp\/v2\/users\/1"}],"replies":[{"embeddable":true,"href":"https:\/\/icaourense.gal\/gl\/wp-json\/wp\/v2\/comments?post=994"}],"version-history":[{"count":2,"href":"https:\/\/icaourense.gal\/gl\/wp-json\/wp\/v2\/posts\/994\/revisions"}],"predecessor-version":[{"id":997,"href":"https:\/\/icaourense.gal\/gl\/wp-json\/wp\/v2\/posts\/994\/revisions\/997"}],"wp:featuredmedia":[{"embeddable":true,"href":"https:\/\/icaourense.gal\/gl\/wp-json\/wp\/v2\/media\/995"}],"wp:attachment":[{"href":"https:\/\/icaourense.gal\/gl\/wp-json\/wp\/v2\/media?parent=994"}],"wp:term":[{"taxonomy":"category","embeddable":true,"href":"https:\/\/icaourense.gal\/gl\/wp-json\/wp\/v2\/categories?post=994"},{"taxonomy":"post_tag","embeddable":true,"href":"https:\/\/icaourense.gal\/gl\/wp-json\/wp\/v2\/tags?post=994"}],"curies":[{"name":"wp","href":"https:\/\/api.w.org\/{rel}","templated":true}]}}