{"id":924,"date":"2025-07-14T21:22:49","date_gmt":"2025-07-14T19:22:49","guid":{"rendered":"https:\/\/icaourense.gal\/?p=924"},"modified":"2025-07-15T21:53:59","modified_gmt":"2025-07-15T19:53:59","slug":"ica-ourense-celebra-el-dia-de-la-justicia-gratuita-reivindicando-la-mejora-de-las-condiciones-laborales-de-los-profesionales-del-turno-de-oficio","status":"publish","type":"post","link":"https:\/\/icaourense.gal\/gl\/ica-ourense-celebra-el-dia-de-la-justicia-gratuita-reivindicando-la-mejora-de-las-condiciones-laborales-de-los-profesionales-del-turno-de-oficio\/","title":{"rendered":"\u00abNon se pode ofrecer unha xustiza digna con condici\u00f3ns indignas\u00bb, Marta G\u00f3mez, decana do Ilustre Colexio da Avogac\u00eda de Ourense."},"content":{"rendered":"<p>Con motivo do D\u00eda da Xustiza Gratu\u00edta e da Quenda de Oficio, que se conmemora cada 12 de xullo, o Ilustre Colexio da Avogac\u00eda de Ourense (ICA) e o Ilustre Colexio de Procuradores celebraron un acto conxunto para render homenaxe aos profesionais que soste\u00f1en o dereito \u00e1 defensa de quen m\u00e1is o necesita. Unha xornada marcada pola emoci\u00f3n e a reivindicaci\u00f3n. <\/p>\n\n\n\n<p>Durante a apertura do acto, a decana do ICA, Marta G\u00f3mez, decana do Ilustre Colexio da Avogac\u00eda de Ourense, dirixiu unhas palabras \u00e1s persoas asistentes:\n\u201cHoxe conmemoramos unha data, pero, sobre todo, reafirmamos un compromiso: o dunha avogac\u00eda digna, forte, unida e comprometida cos dereitos fundamentais. A Xustiza Gratu\u00edta \u00e9 un dos piares m\u00e1is nobres do noso sistema democr\u00e1tico, pero non se sost\u00e9n soa. Sostense grazas ao compromiso de milleiros de profesionais que exercen na Quenda de Oficio con responsabilidade e dignidade\u201d.<\/p>\n\n\n\n<p>G\u00f3mez insistiu na necesidade de condici\u00f3ns laborais xustas para avogados e procuradores:\n\u201cNon se pode ofrecer unha xustiza digna se quen a presta traballa en condici\u00f3ns indignas. Precisamos retribuci\u00f3ns xustas, medios adecuados e un reco\u00f1ecemento real\u201d.<\/p>\n\n\n\n<p>Tras a s\u00faa intervenci\u00f3n, cedeu a palabra \u00e1 decana dos procuradores de Ourense, Ana L\u00f3pez Calvete, nun xesto de unidade institucional para visibilizar as reivindicaci\u00f3ns compartidas do colectivo.<\/p>\n\n\n\n<h3 class=\"wp-block-heading\"><strong>\u00abNon somos unha ONG\u00bb. A Quenda de Oficio alza a voz en Ourense<\/strong><\/h3>\n\n\n<div class=\"wp-block-image\">\n<figure class=\"alignleft size-large is-resized\"><img decoding=\"async\" src=\"https:\/\/icaourense.gal\/wp-content\/uploads\/2025\/07\/WhatsApp-Image-2025-07-14-at-19.44.55-2-768x1024.jpeg\" alt=\"\" class=\"wp-image-926\" style=\"width:262px;height:auto\"\/><\/figure>\n<\/div>\n\n\n<div class=\"wp-block-group is-nowrap is-layout-flex wp-container-core-group-is-layout-ad2f72ca wp-block-group-is-layout-flex\">\n<p class=\"translation-block\">Durante o acto, tam\u00e9n interveu Aline Castro, avogada e colexiada do Ilustre Colexio da Avogac\u00eda de Ourense, quen denunciou a situaci\u00f3n cr\u00edtica que atravesa a Quenda de Oficio: \u201cEst\u00e1 estruturada como se fose un voluntariado. Non temos dereitos laborais nin cobertura social. Asumimos custos persoais, e cando se nos paga, as retribuci\u00f3ns son rid\u00edculas\u201d.<\/p>\n<\/div>\n\n\n\n<p class=\"translation-block\">Segundo lembrou, este servizo p\u00fablico alcanza a m\u00e1is de tres mill\u00f3ns de cidad\u00e1ns en todo o pa\u00eds, e at\u00f3pase ao bordo do colapso por falta de medios. \u201cA situaci\u00f3n necesita un cambio estrutural de base. Non \u00e9 momento de remendos\u201d, reiterou Aline Castro. \u201cNon somos unha ONG\u201d: a avogac\u00eda de oficio en Ourense alza a voz por un servizo digno.<\/p>\n\n\n\n<p class=\"translation-block\">O colectivo prev\u00e9 novas mobilizaci\u00f3ns a partir de setembro, ante a falta de resposta institucional.<\/p>\n\n\n\n<h3 class=\"wp-block-heading\">Homenaxe ao avogado C\u00e1ndido Soria<\/h3>\n\n\n\n<p>O Ilustre Colexio da Avogac\u00eda de Ourense celebrou, tam\u00e9n, unha emotiva homenaxe ao avogado C\u00e1ndido Soria Fortes, falecido o pasado mes de xaneiro, pola s\u00faa labor profesional e compromiso social. <strong>C\u00e1ndido Soria<\/strong>, fallecido el pasado enero, por su extensa labor profesional y compromiso social.<\/p>\n\n\n<div class=\"wp-block-image\">\n<figure class=\"alignright size-large is-resized\"><img loading=\"lazy\" decoding=\"async\" width=\"1019\" height=\"1024\" src=\"https:\/\/icaourense.gal\/wp-content\/uploads\/2025\/07\/WhatsApp-Image-2025-07-14-at-19.44.55-1019x1024.jpeg\" alt=\"\" class=\"wp-image-927\" style=\"width:352px;height:auto\" srcset=\"https:\/\/icaourense.gal\/wp-content\/uploads\/2025\/07\/WhatsApp-Image-2025-07-14-at-19.44.55-1019x1024.jpeg 1019w, https:\/\/icaourense.gal\/wp-content\/uploads\/2025\/07\/WhatsApp-Image-2025-07-14-at-19.44.55-298x300.jpeg 298w, https:\/\/icaourense.gal\/wp-content\/uploads\/2025\/07\/WhatsApp-Image-2025-07-14-at-19.44.55-150x150.jpeg 150w, https:\/\/icaourense.gal\/wp-content\/uploads\/2025\/07\/WhatsApp-Image-2025-07-14-at-19.44.55-768x772.jpeg 768w, https:\/\/icaourense.gal\/wp-content\/uploads\/2025\/07\/WhatsApp-Image-2025-07-14-at-19.44.55-1528x1536.jpeg 1528w, https:\/\/icaourense.gal\/wp-content\/uploads\/2025\/07\/WhatsApp-Image-2025-07-14-at-19.44.55-12x12.jpeg 12w, https:\/\/icaourense.gal\/wp-content\/uploads\/2025\/07\/WhatsApp-Image-2025-07-14-at-19.44.55-60x60.jpeg 60w, https:\/\/icaourense.gal\/wp-content\/uploads\/2025\/07\/WhatsApp-Image-2025-07-14-at-19.44.55.jpeg 2037w\" sizes=\"auto, (max-width: 1019px) 100vw, 1019px\" \/><\/figure>\n<\/div>\n\n\n<div class=\"wp-block-group is-nowrap is-layout-flex wp-container-core-group-is-layout-ad2f72ca wp-block-group-is-layout-flex\">\n<p>Luis Romero, compa\u00f1eiro e amigo de Soria desde a adolescencia, foi o encargado de ler unhas sentidas palabras ante os asistentes, entre os que se atopaban os fillos do homenaxeado, que agradeceron publicamente o reco\u00f1ecemento, a placa conmemorativa e a carta dedicada polo colexio profesional.<\/p>\n<\/div>\n\n\n\n<p class=\"translation-block\">\u201cFoi unha persoa marabillosa, coherente coas s\u00faas ideas, compa\u00f1eiro leal e amigo dos seus amigos\u201d, destacou Romero, quen tam\u00e9n solicitou que a Comisi\u00f3n de Asistencia Xur\u00eddica Penitenciaria de Ourense pase a levar o seu nome. Lembrou o seu traballo en defensa das persoas reclusas, o seu compromiso co Comit\u00e9 Antisida e a s\u00faa participaci\u00f3n activa na plataforma ecoloxista R\u00edos Limpos. \u201cO desprotexido era a orixe e o fin do seu traballo\u201d, conclu\u00edu.<\/p>\n\n\n\n<p>O acto reuniu a avogados, autoridades e compa\u00f1eiros do ICA, nun contexto de reivindicaci\u00f3n do papel esencial da avogac\u00eda de oficio e de denuncia polas precarias condici\u00f3ns laborais que atravesan.<\/p>\n\n\n\n<p><\/p>\n\n\n\n<ul class=\"wp-block-list\">\n<li><a href=\"https:\/\/www.lavozdegalicia.es\/noticia\/ourense\/2025\/07\/14\/abogados-procuradores-turno-oficio-alzan-voz-servicio-digno-ong\/00031752497572293102926.htm\" data-type=\"link\" data-id=\"https:\/\/www.lavozdegalicia.es\/noticia\/ourense\/2025\/07\/14\/abogados-procuradores-turno-oficio-alzan-voz-servicio-digno-ong\/00031752497572293102926.htm\">La Voz de Galicia<\/a><\/li>\n<\/ul>\n\n\n\n<ul class=\"wp-block-list\">\n<li><a href=\"https:\/\/www.laregion.es\/ourense\/justicia-ourensana-recuerda-candido-soria_1_20250715-3918579.html?utm_source=whatsapp&amp;utm_medium=social&amp;utm_campaign=share_button\" data-type=\"link\" data-id=\"https:\/\/www.laregion.es\/ourense\/justicia-ourensana-recuerda-candido-soria_1_20250715-3918579.html?utm_source=whatsapp&amp;utm_medium=social&amp;utm_campaign=share_button\">La Regi\u00f3n <\/a><\/li>\n<\/ul>\n\n\n\n<ul class=\"wp-block-list\">\n<li><a href=\"https:\/\/www.farodevigo.es\/ourense\/2025\/07\/15\/abogacia-vocacion-tiempos-dificiles-119697484.html\" data-type=\"link\" data-id=\"https:\/\/www.farodevigo.es\/ourense\/2025\/07\/15\/abogacia-vocacion-tiempos-dificiles-119697484.html\">Faro de Vigo<\/a><\/li>\n<\/ul>","protected":false},"excerpt":{"rendered":"<p>Con motivo del D\u00eda de la Justicia Gratuita y del Turno de Oficio, que se conmemora cada 12 de julio, el Ilustre Colexio da Avogac\u00eda de Ourense (ICA) y el Ilustre Colegio de Procuradores celebraron un acto conjunto para rendir homenaje a los profesionales que sostienen el derecho a la defensa de quienes m\u00e1s lo &hellip; <\/p>","protected":false},"author":1,"featured_media":928,"comment_status":"closed","ping_status":"closed","sticky":false,"template":"","format":"standard","meta":{"footnotes":""},"categories":[1],"tags":[],"class_list":["post-924","post","type-post","status-publish","format-standard","has-post-thumbnail","hentry","category-sin-categoria"],"_links":{"self":[{"href":"https:\/\/icaourense.gal\/gl\/wp-json\/wp\/v2\/posts\/924","targetHints":{"allow":["GET"]}}],"collection":[{"href":"https:\/\/icaourense.gal\/gl\/wp-json\/wp\/v2\/posts"}],"about":[{"href":"https:\/\/icaourense.gal\/gl\/wp-json\/wp\/v2\/types\/post"}],"author":[{"embeddable":true,"href":"https:\/\/icaourense.gal\/gl\/wp-json\/wp\/v2\/users\/1"}],"replies":[{"embeddable":true,"href":"https:\/\/icaourense.gal\/gl\/wp-json\/wp\/v2\/comments?post=924"}],"version-history":[{"count":11,"href":"https:\/\/icaourense.gal\/gl\/wp-json\/wp\/v2\/posts\/924\/revisions"}],"predecessor-version":[{"id":941,"href":"https:\/\/icaourense.gal\/gl\/wp-json\/wp\/v2\/posts\/924\/revisions\/941"}],"wp:featuredmedia":[{"embeddable":true,"href":"https:\/\/icaourense.gal\/gl\/wp-json\/wp\/v2\/media\/928"}],"wp:attachment":[{"href":"https:\/\/icaourense.gal\/gl\/wp-json\/wp\/v2\/media?parent=924"}],"wp:term":[{"taxonomy":"category","embeddable":true,"href":"https:\/\/icaourense.gal\/gl\/wp-json\/wp\/v2\/categories?post=924"},{"taxonomy":"post_tag","embeddable":true,"href":"https:\/\/icaourense.gal\/gl\/wp-json\/wp\/v2\/tags?post=924"}],"curies":[{"name":"wp","href":"https:\/\/api.w.org\/{rel}","templated":true}]}}