{"id":842,"date":"2025-06-27T13:21:59","date_gmt":"2025-06-27T11:21:59","guid":{"rendered":"https:\/\/icaourense.gal\/?p=842"},"modified":"2025-07-07T12:27:14","modified_gmt":"2025-07-07T10:27:14","slug":"el-ilustre-colexio-da-avogacia-de-ourense-participo-en-el-acto-institucional-con-motivo-del-dia-del-orgullo","status":"publish","type":"post","link":"https:\/\/icaourense.gal\/gl\/el-ilustre-colexio-da-avogacia-de-ourense-participo-en-el-acto-institucional-con-motivo-del-dia-del-orgullo\/","title":{"rendered":"El Ilustre Colexio da Avogac\u00eda de Ourense particip\u00f3 en el acto institucional con motivo del D\u00eda del Orgullo"},"content":{"rendered":"<p><\/p>\n\n\n\n<p>Con motivo de la celebraci\u00f3n del <strong>D\u00eda Internacional del Orgullo LGTBIQ+<\/strong>, el Ilustre Colexio da Avogac\u00eda de Ourense estuvo presente en el acto institucional celebrado en la ciudad de Ourense, reafirmando su compromiso con la defensa de los derechos fundamentales de todas las personas, con independencia de su orientaci\u00f3n sexual o identidad de g\u00e9nero.<\/p>\n\n\n\n<p>El Colexio estuvo representado por la Tesorera de la Junta de Gobierno, D\u00aa. Victoria Eugenia Di\u00e9guez Guerrero, quien particip\u00f3 en el acto reivindicativo en nombre de la instituci\u00f3n.<\/p>\n\n\n\n<p>Desde el Ilustre Colexio da Avogac\u00eda de Ourense reiteramos nuestro firme compromiso con el respeto, la igualdad y la no discriminaci\u00f3n, valores esenciales en un Estado de Derecho. Trabajamos y seguiremos trabajando por la defensa de los derechos de las personas pertenecientes a los distintos colectivos, como parte inseparable de la funci\u00f3n social de la abogac\u00eda.<\/p>","protected":false},"excerpt":{"rendered":"<p>Con motivo de la celebraci\u00f3n del D\u00eda Internacional del Orgullo LGTBIQ+, el Ilustre Colexio da Avogac\u00eda de Ourense estuvo presente en el acto institucional celebrado en la ciudad de Ourense, reafirmando su compromiso con la defensa de los derechos fundamentales de todas las personas, con independencia de su orientaci\u00f3n sexual o identidad de g\u00e9nero. El &hellip; <\/p>","protected":false},"author":1,"featured_media":843,"comment_status":"closed","ping_status":"closed","sticky":false,"template":"","format":"standard","meta":{"footnotes":""},"categories":[12],"tags":[],"class_list":["post-842","post","type-post","status-publish","format-standard","has-post-thumbnail","hentry","category-noticias"],"_links":{"self":[{"href":"https:\/\/icaourense.gal\/gl\/wp-json\/wp\/v2\/posts\/842","targetHints":{"allow":["GET"]}}],"collection":[{"href":"https:\/\/icaourense.gal\/gl\/wp-json\/wp\/v2\/posts"}],"about":[{"href":"https:\/\/icaourense.gal\/gl\/wp-json\/wp\/v2\/types\/post"}],"author":[{"embeddable":true,"href":"https:\/\/icaourense.gal\/gl\/wp-json\/wp\/v2\/users\/1"}],"replies":[{"embeddable":true,"href":"https:\/\/icaourense.gal\/gl\/wp-json\/wp\/v2\/comments?post=842"}],"version-history":[{"count":1,"href":"https:\/\/icaourense.gal\/gl\/wp-json\/wp\/v2\/posts\/842\/revisions"}],"predecessor-version":[{"id":844,"href":"https:\/\/icaourense.gal\/gl\/wp-json\/wp\/v2\/posts\/842\/revisions\/844"}],"wp:featuredmedia":[{"embeddable":true,"href":"https:\/\/icaourense.gal\/gl\/wp-json\/wp\/v2\/media\/843"}],"wp:attachment":[{"href":"https:\/\/icaourense.gal\/gl\/wp-json\/wp\/v2\/media?parent=842"}],"wp:term":[{"taxonomy":"category","embeddable":true,"href":"https:\/\/icaourense.gal\/gl\/wp-json\/wp\/v2\/categories?post=842"},{"taxonomy":"post_tag","embeddable":true,"href":"https:\/\/icaourense.gal\/gl\/wp-json\/wp\/v2\/tags?post=842"}],"curies":[{"name":"wp","href":"https:\/\/api.w.org\/{rel}","templated":true}]}}