{"id":589,"date":"2025-06-20T14:51:06","date_gmt":"2025-06-20T12:51:06","guid":{"rendered":"https:\/\/icaourense.gal\/?p=589"},"modified":"2025-07-07T12:27:15","modified_gmt":"2025-07-07T10:27:15","slug":"encuentro-entre-el-ilustre-colexio-da-avogacia-de-ourense-y-la-asociacion-mirada-mulleres-60-para-impulsar-la-defensa-de-los-derechos-de-las-personas-mayores","status":"publish","type":"post","link":"https:\/\/icaourense.gal\/gl\/encuentro-entre-el-ilustre-colexio-da-avogacia-de-ourense-y-la-asociacion-mirada-mulleres-60-para-impulsar-la-defensa-de-los-derechos-de-las-personas-mayores\/","title":{"rendered":"Reuni\u00f3n entre o Ilustre Colexio da Avogac\u00eda de Ourense e a Asociaci\u00f3n de Mulleres Mirada +60 para promover a defensa dos dereitos das persoas maiores"},"content":{"rendered":"<p>A decana do Colexio de Avogados de Ourense, Marta G\u00f3mez, mantivo esta ma\u00f1\u00e1 unha reuni\u00f3n institucional con representantes da asociaci\u00f3n Mirada Mulleres Maiores de 60 anos, encabezadas pola s\u00faa presidenta, Mar\u00eda Antonia Rilo.<\/p>\n\n\n\n<p>Durante o encontro, a asociaci\u00f3n presentou os proxectos que est\u00e1 a desenvolver para promover o benestar e a visibilidade das mulleres maiores. Ambas as partes coincidiron na importancia de impulsar iniciativas que reforcen a defensa xur\u00eddica e social dos dereitos das persoas maiores, especialmente en \u00e1reas como a igualdade, o acceso \u00e1 xustiza e a protecci\u00f3n ante situaci\u00f3ns de vulnerabilidade.<\/p>\n\n\n\n<p>O Ilustre Colexio da Avogac\u00eda de Ourense valora moi positivamente este di\u00e1logo, que abre a porta a futuras colaboraci\u00f3ns centradas na promoci\u00f3n activa dos dereitos e a dignidade deste colectivo.<\/p>","protected":false},"excerpt":{"rendered":"<p>A decana do Colexio de Avogados de Ourense, Marta G\u00f3mez, mantivo esta ma\u00f1\u00e1 unha reuni\u00f3n institucional con representantes da asociaci\u00f3n Mirada Mulleres Maiores de 60, encabezada pola s\u00faa presidenta, Mar\u00eda Antonia Rilo. Durante a reuni\u00f3n, a asociaci\u00f3n presentou os proxectos que est\u00e1 a desenvolver para promover o benestar e a visibilidade das mulleres maiores. Ambas as partes\u2026 <\/p>","protected":false},"author":1,"featured_media":590,"comment_status":"closed","ping_status":"closed","sticky":false,"template":"","format":"standard","meta":{"footnotes":""},"categories":[12],"tags":[],"class_list":["post-589","post","type-post","status-publish","format-standard","has-post-thumbnail","hentry","category-noticias"],"_links":{"self":[{"href":"https:\/\/icaourense.gal\/gl\/wp-json\/wp\/v2\/posts\/589","targetHints":{"allow":["GET"]}}],"collection":[{"href":"https:\/\/icaourense.gal\/gl\/wp-json\/wp\/v2\/posts"}],"about":[{"href":"https:\/\/icaourense.gal\/gl\/wp-json\/wp\/v2\/types\/post"}],"author":[{"embeddable":true,"href":"https:\/\/icaourense.gal\/gl\/wp-json\/wp\/v2\/users\/1"}],"replies":[{"embeddable":true,"href":"https:\/\/icaourense.gal\/gl\/wp-json\/wp\/v2\/comments?post=589"}],"version-history":[{"count":3,"href":"https:\/\/icaourense.gal\/gl\/wp-json\/wp\/v2\/posts\/589\/revisions"}],"predecessor-version":[{"id":593,"href":"https:\/\/icaourense.gal\/gl\/wp-json\/wp\/v2\/posts\/589\/revisions\/593"}],"wp:featuredmedia":[{"embeddable":true,"href":"https:\/\/icaourense.gal\/gl\/wp-json\/wp\/v2\/media\/590"}],"wp:attachment":[{"href":"https:\/\/icaourense.gal\/gl\/wp-json\/wp\/v2\/media?parent=589"}],"wp:term":[{"taxonomy":"category","embeddable":true,"href":"https:\/\/icaourense.gal\/gl\/wp-json\/wp\/v2\/categories?post=589"},{"taxonomy":"post_tag","embeddable":true,"href":"https:\/\/icaourense.gal\/gl\/wp-json\/wp\/v2\/tags?post=589"}],"curies":[{"name":"wp","href":"https:\/\/api.w.org\/{rel}","templated":true}]}}