{"id":204,"date":"2025-05-06T09:20:00","date_gmt":"2025-05-06T07:20:00","guid":{"rendered":"http:\/\/rarathemesdemo.com\/rara-business\/?p=204"},"modified":"2025-07-07T12:27:15","modified_gmt":"2025-07-07T10:27:15","slug":"dia-historico-para-el-colectivo","status":"publish","type":"post","link":"https:\/\/icaourense.gal\/gl\/dia-historico-para-el-colectivo\/","title":{"rendered":"6 de maio: Un d\u00eda hist\u00f3rico para a comunidade. O Congreso inicia a reforma que permitir\u00e1 a ponte RETA."},"content":{"rendered":"<p class=\"\" data-start=\"287\" data-end=\"690\"><strong>Tras dos a\u00f1os de intensa reivindicaci\u00f3n, el 6 de mayo marca un d\u00eda hist\u00f3rico para quienes han luchado por el derecho a integrarse en el R\u00e9gimen Especial de Trabajadores Aut\u00f3nomos (RETA). La actual Junta de Gobierno del Ilustre Colexio da Avogac\u00eda de Ourense, celebra con orgullo este importante avance hacia unas pensiones dignas para todos los profesionales, fruto del esfuerzo colectivo y la persistencia en la defensa de derechos fundamentales.<\/strong><\/p>\n<p class=\"\" data-start=\"692\" data-end=\"1087\">Ese d\u00eda, el Pleno del Congreso de los Diputados tom\u00f3 en consideraci\u00f3n la Proposici\u00f3n de Ley para modificar el Real Decreto Legislativo 8\/2015, que aprueba el texto refundido de la Ley General de la Seguridad Social. La reforma, impulsada por el Grupo Parlamentario Socialista, aborda espec\u00edficamente las mutualidades alternativas reguladas en las disposiciones adicionales 18.\u00aa y 19.\u00aa de la Ley.<\/p>\n<p class=\"\" data-start=\"1089\" data-end=\"1385\">En su exposici\u00f3n de motivos, el texto reconoce que la incorporaci\u00f3n de los trabajadores por cuenta propia al RETA, tras la entrada en vigor del Decreto 2530\/1970, no fue inmediata para todos los colectivos, por lo que se propone ahora avanzar hacia una soluci\u00f3n que permita la convergencia plena.<\/p>\n<p class=\"\" data-start=\"1387\" data-end=\"1443\">Entre las medidas clave que propone la reforma destacan:<\/p>\n<ul data-start=\"1445\" data-end=\"2013\">\n<li class=\"\" data-start=\"1445\" data-end=\"1609\">\n<p class=\"\" data-start=\"1447\" data-end=\"1609\"><strong data-start=\"1447\" data-end=\"1567\">La limitaci\u00f3n de la posibilidad de optar por una mutualidad como alternativa al RETA a partir del 1 de enero de 2027<\/strong>, con algunas excepciones muy espec\u00edficas.<\/p>\n<\/li>\n<li class=\"\" data-start=\"1610\" data-end=\"1792\">\n<p class=\"\" data-start=\"1612\" data-end=\"1792\"><strong data-start=\"1612\" data-end=\"1672\">Una mejora en la cobertura ofrecida por las mutualidades<\/strong>, exigiendo que las rentas que estas otorguen igualen, al menos, el 80\u202f% de la cuant\u00eda m\u00ednima de las pensiones p\u00fablicas.<\/p>\n<\/li>\n<li class=\"\" data-start=\"1793\" data-end=\"2013\">\n<p class=\"\" data-start=\"1795\" data-end=\"2013\"><strong data-start=\"1795\" data-end=\"1955\">La creaci\u00f3n de una \u201cpasarela\u201d que permita, bajo condiciones reglamentadas, la transferencia voluntaria de derechos econ\u00f3micos desde las mutualidades al RETA<\/strong>, una medida largamente esperada por muchos profesionales.<\/p>\n<\/li>\n<\/ul>\n<p class=\"\" data-start=\"2015\" data-end=\"2385\">Asimismo, se contempla un incremento progresivo de las cuotas de los mutualistas, alcanzando el 100\u202f% de la base m\u00ednima del RETA en 2027. Tambi\u00e9n se habilita una disposici\u00f3n transitoria para que los profesionales colegiados en mutualidades anteriores a 2013 puedan, en el plazo de un a\u00f1o desde la aprobaci\u00f3n del reglamento correspondiente, solicitar dicha transferencia.<\/p>\n<p class=\"\" data-start=\"2387\" data-end=\"2715\">Con esta iniciativa superado el debate de toma en consideraci\u00f3n, comienza ahora su tramitaci\u00f3n en comisi\u00f3n, abri\u00e9ndose el plazo de presentaci\u00f3n de enmiendas. Este es un paso m\u00e1s en un proceso que, de completarse, permitir\u00e1 avanzar de forma decisiva hacia un modelo m\u00e1s justo, equitativo y protector para todos los profesionales.<\/p>","protected":false},"excerpt":{"rendered":"<p>Tras dous anos de intensa defensa, o 6 de maio \u00e9 un d\u00eda hist\u00f3rico para aqueles que loitaron polo dereito a acollerse ao R\u00e9xime Especial de Traballadores Aut\u00f3nomos (RETA). A actual Xunta de Goberno do Colexio de Avogados de Ourense celebra con orgullo este importante paso cara a unhas pensi\u00f3ns dignas para todos... <\/p>","protected":false},"author":1,"featured_media":451,"comment_status":"closed","ping_status":"closed","sticky":false,"template":"","format":"standard","meta":{"footnotes":""},"categories":[12],"tags":[],"class_list":["post-204","post","type-post","status-publish","format-standard","has-post-thumbnail","hentry","category-noticias"],"_links":{"self":[{"href":"https:\/\/icaourense.gal\/gl\/wp-json\/wp\/v2\/posts\/204","targetHints":{"allow":["GET"]}}],"collection":[{"href":"https:\/\/icaourense.gal\/gl\/wp-json\/wp\/v2\/posts"}],"about":[{"href":"https:\/\/icaourense.gal\/gl\/wp-json\/wp\/v2\/types\/post"}],"author":[{"embeddable":true,"href":"https:\/\/icaourense.gal\/gl\/wp-json\/wp\/v2\/users\/1"}],"replies":[{"embeddable":true,"href":"https:\/\/icaourense.gal\/gl\/wp-json\/wp\/v2\/comments?post=204"}],"version-history":[{"count":1,"href":"https:\/\/icaourense.gal\/gl\/wp-json\/wp\/v2\/posts\/204\/revisions"}],"predecessor-version":[{"id":452,"href":"https:\/\/icaourense.gal\/gl\/wp-json\/wp\/v2\/posts\/204\/revisions\/452"}],"wp:featuredmedia":[{"embeddable":true,"href":"https:\/\/icaourense.gal\/gl\/wp-json\/wp\/v2\/media\/451"}],"wp:attachment":[{"href":"https:\/\/icaourense.gal\/gl\/wp-json\/wp\/v2\/media?parent=204"}],"wp:term":[{"taxonomy":"category","embeddable":true,"href":"https:\/\/icaourense.gal\/gl\/wp-json\/wp\/v2\/categories?post=204"},{"taxonomy":"post_tag","embeddable":true,"href":"https:\/\/icaourense.gal\/gl\/wp-json\/wp\/v2\/tags?post=204"}],"curies":[{"name":"wp","href":"https:\/\/api.w.org\/{rel}","templated":true}]}}