{"id":1648,"date":"2026-04-28T17:21:18","date_gmt":"2026-04-28T15:21:18","guid":{"rendered":"https:\/\/icaourense.gal\/?p=1648"},"modified":"2026-04-28T18:14:41","modified_gmt":"2026-04-28T16:14:41","slug":"taller-practico-aplicacion-de-la-ia-en-la-abogacia","status":"publish","type":"post","link":"https:\/\/icaourense.gal\/gl\/taller-practico-aplicacion-de-la-ia-en-la-abogacia\/","title":{"rendered":"Taller pr\u00e1ctico: \"Aplicaci\u00f3n da IA na Avogac\u00eda\""},"content":{"rendered":"<p class=\"translation-block\">O Ilustre Colexio da Avogac\u00eda de Ourense informa da apertura do prazo de inscrici\u00f3n para o <strong>Obradoiro Pr\u00e1ctico \u201cAplicaci\u00f3n da IA na Avogac\u00eda\u201d<\/strong>, que se celebrar\u00e1 o vindeiro <strong>12 de maio de 2026<\/strong> no Sal\u00f3n de Actos do ICA Ourense, en horario de 16:30 a 19:30 horas.<\/p>\n\n\n\n<p>Esta formaci\u00f3n, dirigida a profesionales de la abogac\u00eda, abordar\u00e1 la aplicaci\u00f3n pr\u00e1ctica de la inteligencia artificial en el ejercicio diario, proporcionando herramientas y claves para su integraci\u00f3n eficaz en el \u00e1mbito jur\u00eddico.<\/p>\n\n\n\n<p class=\"translation-block\"><strong>Inscrici\u00f3ns  para colexiados e colexiadas:<\/strong><br><a href=\"https:\/\/forms.gle\/axWD3HcV7tbtgSto8\" target=\"_self\">https:\/\/forms.gle\/axWD3HcV7tbtgSto8<\/a><\/p>","protected":false},"excerpt":{"rendered":"<p>El Ilustre Colexio da Avogac\u00eda de Ourense informa de la apertura del plazo de inscripci\u00f3n para el Taller Pr\u00e1ctico \u201cAplicaci\u00f3n de la IA en la Abogac\u00eda\u201d, que se celebrar\u00e1 el pr\u00f3ximo 12 de mayo de 2026 en el Sal\u00f3n de Actos del ICA Ourense, en horario de 16:30 a 19:30 horas. Esta formaci\u00f3n, dirigida a &hellip; <\/p>","protected":false},"author":1,"featured_media":1651,"comment_status":"closed","ping_status":"closed","sticky":false,"template":"","format":"standard","meta":{"footnotes":""},"categories":[1],"tags":[],"class_list":["post-1648","post","type-post","status-publish","format-standard","has-post-thumbnail","hentry","category-sin-categoria"],"_links":{"self":[{"href":"https:\/\/icaourense.gal\/gl\/wp-json\/wp\/v2\/posts\/1648","targetHints":{"allow":["GET"]}}],"collection":[{"href":"https:\/\/icaourense.gal\/gl\/wp-json\/wp\/v2\/posts"}],"about":[{"href":"https:\/\/icaourense.gal\/gl\/wp-json\/wp\/v2\/types\/post"}],"author":[{"embeddable":true,"href":"https:\/\/icaourense.gal\/gl\/wp-json\/wp\/v2\/users\/1"}],"replies":[{"embeddable":true,"href":"https:\/\/icaourense.gal\/gl\/wp-json\/wp\/v2\/comments?post=1648"}],"version-history":[{"count":1,"href":"https:\/\/icaourense.gal\/gl\/wp-json\/wp\/v2\/posts\/1648\/revisions"}],"predecessor-version":[{"id":1650,"href":"https:\/\/icaourense.gal\/gl\/wp-json\/wp\/v2\/posts\/1648\/revisions\/1650"}],"wp:featuredmedia":[{"embeddable":true,"href":"https:\/\/icaourense.gal\/gl\/wp-json\/wp\/v2\/media\/1651"}],"wp:attachment":[{"href":"https:\/\/icaourense.gal\/gl\/wp-json\/wp\/v2\/media?parent=1648"}],"wp:term":[{"taxonomy":"category","embeddable":true,"href":"https:\/\/icaourense.gal\/gl\/wp-json\/wp\/v2\/categories?post=1648"},{"taxonomy":"post_tag","embeddable":true,"href":"https:\/\/icaourense.gal\/gl\/wp-json\/wp\/v2\/tags?post=1648"}],"curies":[{"name":"wp","href":"https:\/\/api.w.org\/{rel}","templated":true}]}}