{"id":1545,"date":"2026-03-02T10:50:03","date_gmt":"2026-03-02T09:50:03","guid":{"rendered":"https:\/\/icaourense.gal\/?p=1545"},"modified":"2026-03-03T10:15:36","modified_gmt":"2026-03-03T09:15:36","slug":"el-tribunal-superior-de-xustiza-de-galicia-decidira-sobre-la-sancion-a-una-abogada-de-ourense-por-ejercer-el-derecho-a-huelga","status":"publish","type":"post","link":"https:\/\/icaourense.gal\/gl\/el-tribunal-superior-de-xustiza-de-galicia-decidira-sobre-la-sancion-a-una-abogada-de-ourense-por-ejercer-el-derecho-a-huelga\/","title":{"rendered":"O Tribunal Superior de Xustiza de Galicia decidir\u00e1 sobre a sanci\u00f3n a unha avogada de Ourense por exercer o dereito \u00e1 folga"},"content":{"rendered":"<ul class=\"wp-block-list\">\n<li>\u2022 O Ilustre Colexio da Avogac\u00eda de Ourense outorga amparo \u00e1 letrada sancionada e pers\u00f3ase no procedemento, elevando o caso a unha cuesti\u00f3n de defensa dos dereitos de todo o colectivo<\/li>\n<\/ul>\n\n\n\n<p class=\"translation-block\">Ourense, 2 de marzo de 2026 \u2013 A Praza 1\u00aa da Secci\u00f3n de Instruci\u00f3n do Tribunal de Instancia de Ourense (antigo Xulgado de Instruci\u00f3n n\u00ba 1) remite \u00e1 Sala de Goberno do Tribunal Superior de Xustiza de Galicia (TSXG) o recurso interposto por unha letrada do Ilustre Colexio da Avogac\u00eda de Ourense (ICA Ourense) contra a sanci\u00f3n imposta polo titular do Xulgado de Instruci\u00f3n n\u00famero 1 de Ourense por exercer o seu dereito fundamental \u00e1 folga.<\/p>\n\n\n\n<p>Este recurso conta co amparo e coa personaci\u00f3n formal do Ilustre Colexio da Avogac\u00eda de Ourense, que respalda \u00e1 s\u00faa colexiada na defensa dos seus dereitos. Os feitos te\u00f1en a s\u00faa orixe no marco da folga indefinida convocada polos profesionais da Quenda de Oficio para reclamar a dignificaci\u00f3n das s\u00faas condici\u00f3ns. A letrada, en cumprimento da convocatoria do sindicato VENIA, comunicou a s\u00faa inasistencia a unha dilixencia xudicial, o que motivou a apertura dun expediente disciplinario por parte do maxistrado-xu\u00edz, culminando nunha sanci\u00f3n econ\u00f3mica.<\/p>\n\n\n\n<p>Nun paso de gran relevancia institucional, o ICA Ourense outorgou amparo colexial \u00e1 letrada e pers\u00f3ase no procedemento. Esta actuaci\u00f3n subli\u00f1a o respaldo do colectivo \u00e1 profesional sancionada e converte a defensa deste caso nunha cuesti\u00f3n que atinxe a toda a avogac\u00eda, defendendo o lex\u00edtimo exercicio dos dereitos que asisten aos profesionais da Quenda de Oficio.<\/p>\n\n\n\n<p>O recurso argumenta que a sanci\u00f3n vulnera o artigo 28 da Constituci\u00f3n Espa\u00f1ola, que reco\u00f1ece o dereito \u00e1 folga como un dereito fundamental. Sostense que a incomparecencia a un acto xudicial por este motivo non constit\u00fae unha \u201ccausa inxustificada\u201d, sen\u00f3n o exercicio dun dereito constitucional.<\/p>\n\n\n\n<p>Ademais, inc\u00eddese na resoluci\u00f3n de amparo colexial e no feito de que a competencia para determinar a legalidade ou ilegalidade dunha folga corresponde exclusivamente \u00e1 xurisdici\u00f3n social, tal e como establece o artigo 2 da Lei reguladora da xurisdici\u00f3n social, e non ao xulgado de instruci\u00f3n que impuxo a sanci\u00f3n.<\/p>\n\n\n\n<p>Este caso consid\u00e9rase un fito na loita dos avogados e procuradores da Quenda de Oficio. O colectivo denuncia a precariedade do servizo, que prestan como un servizo p\u00fablico esencial para a Administraci\u00f3n de Xustiza sen teren reco\u00f1ecidos dereitos laborais b\u00e1sicos. A sanci\u00f3n \u00e9 vista como un intento de obstaculizar a \u00fanica ferramenta de presi\u00f3n coa que contan para reclamar unhas condici\u00f3ns xustas.<\/p>\n\n\n\n<p>A decisi\u00f3n que adopte a Sala de Goberno do TSXG sentar\u00e1 un precedente sobre a protecci\u00f3n dos dereitos dos avogados da Quenda de Oficio en Galicia e a s\u00faa capacidade para defender os seus lex\u00edtimos intereses profesionais.<\/p>\n\n\n\n<ul class=\"wp-block-list\">\n<li class=\"translation-block\">La Regi\u00f3n. <a href=\"https:\/\/www.laregion.es\/ourense\/sancion-abogada-secundar-huelga-tsxg_1_20260303-4183708.html\" data-type=\"link\" data-id=\"https:\/\/www.laregion.es\/ourense\/sancion-abogada-secundar-huelga-tsxg_1_20260303-4183708.html\" target=\"_self\">A sanci\u00f3n a unha avogada por secundar a folga, no TSXG<\/a><\/li>\n\n\n\n<li class=\"translation-block\">La Voz de Galicia. <a href=\"https:\/\/www.farodevigo.es\/ourense\/2026\/03\/03\/recurren-tsxg-sancion-abogada-secundar-127473333.html\" data-type=\"link\" data-id=\"https:\/\/www.farodevigo.es\/ourense\/2026\/03\/03\/recurren-tsxg-sancion-abogada-secundar-127473333.html\" target=\"_self\">Rec\u00f3rrense ante o TSXG a sanci\u00f3n a unha avogada que non asistiu a un cliente por exercer o seu dereito \u00e1 folga<\/a><\/li>\n\n\n\n<li class=\"translation-block\">Faro de Vigo. <a href=\"https:\/\/www.farodevigo.es\/ourense\/2026\/03\/03\/recurren-tsxg-sancion-abogada-secundar-127473333.html\" data-type=\"link\" data-id=\"https:\/\/www.farodevigo.es\/ourense\/2026\/03\/03\/recurren-tsxg-sancion-abogada-secundar-127473333.html\" target=\"_self\">Rec\u00f3rrense ante o TSXG a sanci\u00f3n a unha avogada por secundar a folga<\/a><\/li>\n\n\n\n<li>Galicia confidencial. <a href=\"https:\/\/gcdiario.com\/sociedad\/566422-colexio-da-abogacia-de-ourense-ampara-a-la-letrada-sancionada-por-no-asistir-durante-huelga-a-una-diligencia-judicial\/\" data-type=\"link\" data-id=\"https:\/\/gcdiario.com\/sociedad\/566422-colexio-da-abogacia-de-ourense-ampara-a-la-letrada-sancionada-por-no-asistir-durante-huelga-a-una-diligencia-judicial\/\">Colexio da Avogac\u00eda de Ourense ampara a la letrada sancionada por no asistir durante huelga a una diligencia judicial <\/a><\/li>\n<\/ul>","protected":false},"excerpt":{"rendered":"<p>Ourense, 2 de marzo de 2026&nbsp;\u2013 La Plaza 1\u00aa de la Secci\u00f3n de Instrucci\u00f3n del Tribunal de Instancia de Ourense (Antiguo Juzgado de Instrucci\u00f3n n\u00ba1) remite a la Sala de Gobierno del Tribunal Superior de Xustiza de Galicia (TSXG) el recurso interpuesto por una letrada del Ilustre Colexio da Avogac\u00eda de Ourense (ICA Ourense) contra &hellip; <\/p>","protected":false},"author":1,"featured_media":448,"comment_status":"closed","ping_status":"closed","sticky":false,"template":"","format":"standard","meta":{"footnotes":""},"categories":[17,16],"tags":[],"class_list":["post-1545","post","type-post","status-publish","format-standard","has-post-thumbnail","hentry","category-ica-ourense","category-profesion"],"_links":{"self":[{"href":"https:\/\/icaourense.gal\/gl\/wp-json\/wp\/v2\/posts\/1545","targetHints":{"allow":["GET"]}}],"collection":[{"href":"https:\/\/icaourense.gal\/gl\/wp-json\/wp\/v2\/posts"}],"about":[{"href":"https:\/\/icaourense.gal\/gl\/wp-json\/wp\/v2\/types\/post"}],"author":[{"embeddable":true,"href":"https:\/\/icaourense.gal\/gl\/wp-json\/wp\/v2\/users\/1"}],"replies":[{"embeddable":true,"href":"https:\/\/icaourense.gal\/gl\/wp-json\/wp\/v2\/comments?post=1545"}],"version-history":[{"count":4,"href":"https:\/\/icaourense.gal\/gl\/wp-json\/wp\/v2\/posts\/1545\/revisions"}],"predecessor-version":[{"id":1553,"href":"https:\/\/icaourense.gal\/gl\/wp-json\/wp\/v2\/posts\/1545\/revisions\/1553"}],"wp:featuredmedia":[{"embeddable":true,"href":"https:\/\/icaourense.gal\/gl\/wp-json\/wp\/v2\/media\/448"}],"wp:attachment":[{"href":"https:\/\/icaourense.gal\/gl\/wp-json\/wp\/v2\/media?parent=1545"}],"wp:term":[{"taxonomy":"category","embeddable":true,"href":"https:\/\/icaourense.gal\/gl\/wp-json\/wp\/v2\/categories?post=1545"},{"taxonomy":"post_tag","embeddable":true,"href":"https:\/\/icaourense.gal\/gl\/wp-json\/wp\/v2\/tags?post=1545"}],"curies":[{"name":"wp","href":"https:\/\/api.w.org\/{rel}","templated":true}]}}