{"id":1529,"date":"2026-02-27T10:04:20","date_gmt":"2026-02-27T09:04:20","guid":{"rendered":"https:\/\/icaourense.gal\/?p=1529"},"modified":"2026-02-27T10:13:30","modified_gmt":"2026-02-27T09:13:30","slug":"taller-practico-sobre-criterios-jurisprudenciales-aplicables-a-los-masc","status":"publish","type":"post","link":"https:\/\/icaourense.gal\/gl\/taller-practico-sobre-criterios-jurisprudenciales-aplicables-a-los-masc\/","title":{"rendered":"Formaci\u00f3n estrat\u00e9gica y pr\u00e1ctica sobre criterios jurisprudenciales aplicables a los MASC"},"content":{"rendered":"<p>El pr\u00f3ximo <strong>17 de marzo de 2026<\/strong>, el <strong>Ilustre Colexio da Avogac\u00eda de Ourense (ICA Ourense)<\/strong> acoger\u00e1 un taller pr\u00e1ctico bajo el t\u00edtulo <strong>\u201cCriterios jurisprudenciales aplicables a los MASC\u201d<\/strong>, una sesi\u00f3n formativa de especial inter\u00e9s para la abogac\u00eda en el actual contexto de impulso a los M\u00e9todos Adecuados de Soluci\u00f3n de Conflictos.<\/p>\n\n\n\n<p>La jornada se celebrar\u00e1 en el <strong>Sal\u00f3n de actos del ICA Ourense<\/strong>, en horario de <strong>16:30 a 19:30 horas<\/strong>, y contar\u00e1 con la participaci\u00f3n de dos ponentes de reconocido prestigio en el \u00e1mbito jur\u00eddico y procesal.<\/p>\n\n\n\n<figure class=\"wp-block-image size-large\"><img loading=\"lazy\" decoding=\"async\" width=\"1024\" height=\"576\" src=\"https:\/\/icaourense.gal\/wp-content\/uploads\/2026\/02\/Copia-de-Congreso-svmpsp-1024x576.jpg\" alt=\"\" class=\"wp-image-1530\" srcset=\"https:\/\/icaourense.gal\/wp-content\/uploads\/2026\/02\/Copia-de-Congreso-svmpsp-1024x576.jpg 1024w, https:\/\/icaourense.gal\/wp-content\/uploads\/2026\/02\/Copia-de-Congreso-svmpsp-300x169.jpg 300w, https:\/\/icaourense.gal\/wp-content\/uploads\/2026\/02\/Copia-de-Congreso-svmpsp-768x432.jpg 768w, https:\/\/icaourense.gal\/wp-content\/uploads\/2026\/02\/Copia-de-Congreso-svmpsp-1536x864.jpg 1536w, https:\/\/icaourense.gal\/wp-content\/uploads\/2026\/02\/Copia-de-Congreso-svmpsp-18x10.jpg 18w, https:\/\/icaourense.gal\/wp-content\/uploads\/2026\/02\/Copia-de-Congreso-svmpsp-107x60.jpg 107w, https:\/\/icaourense.gal\/wp-content\/uploads\/2026\/02\/Copia-de-Congreso-svmpsp.jpg 1920w\" sizes=\"auto, (max-width: 1024px) 100vw, 1024px\" \/><\/figure>\n\n\n\n<h3 class=\"wp-block-heading\">Ponentes de referencia en el \u00e1mbito procesal y de la abogac\u00eda institucional<\/h3>\n\n\n\n<p>El taller ser\u00e1 impartido por:<\/p>\n\n\n\n<ul class=\"wp-block-list\">\n<li><strong>Adri\u00e1n G\u00f3mez Linacero<\/strong>, Letrado de la Administraci\u00f3n de Justicia, Doctor en Derecho, Profesor Asociado de Derecho Procesal Civil en el CEU y Presidente de PROLAJ Madrid.<\/li>\n\n\n\n<li><strong>Jes\u00fas S\u00e1nchez Garc\u00eda<\/strong>, Decano Em\u00e9rito del Ilustre Colegio de Abogados de Barcelona y Consejero del Consejo General de la Abogac\u00eda Espa\u00f1ola.<\/li>\n<\/ul>\n\n\n\n<p>Ambos abordar\u00e1n los principales <strong>criterios jurisprudenciales que est\u00e1n configurando la aplicaci\u00f3n pr\u00e1ctica de los MASC<\/strong>, analizando su impacto en la estrategia procesal, en la admisibilidad de demandas y en la actuaci\u00f3n profesional de abogados y abogadas.<\/p>\n\n\n\n<h3 class=\"wp-block-heading\">Formaci\u00f3n clave ante los nuevos retos procesales<\/h3>\n\n\n\n<p>La creciente relevancia de los MASC en el ordenamiento jur\u00eddico espa\u00f1ol, especialmente tras las \u00faltimas reformas orientadas a fomentar soluciones extrajudiciales, exige una actualizaci\u00f3n constante por parte de los profesionales del Derecho.<\/p>\n\n\n\n<p>Este taller pr\u00e1ctico permitir\u00e1:<\/p>\n\n\n\n<ul class=\"wp-block-list\">\n<li>Conocer la evoluci\u00f3n jurisprudencial reciente.<\/li>\n\n\n\n<li>Analizar criterios interpretativos aplicados por los tribunales.<\/li>\n\n\n\n<li>Resolver dudas sobre la exigibilidad y acreditaci\u00f3n de intentos de soluci\u00f3n extrajudicial.<\/li>\n\n\n\n<li>Reflexionar sobre el papel estrat\u00e9gico de la abogac\u00eda en este nuevo escenario.<\/li>\n<\/ul>\n\n\n\n<p>Con esta iniciativa, el ICA Ourense refuerza su compromiso con la formaci\u00f3n continua y la excelencia profesional, ofreciendo a sus colegiados herramientas \u00fatiles para afrontar con seguridad jur\u00eddica los cambios normativos y jurisprudenciales en materia de resoluci\u00f3n alternativa de conflictos.<\/p>\n\n\n\n<p>La sesi\u00f3n se enmarca dentro del programa formativo del Colexio para 2026, consolidando su apuesta por una abogac\u00eda preparada, actualizada y alineada con la transformaci\u00f3n del sistema de justicia.<\/p>","protected":false},"excerpt":{"rendered":"<p>El pr\u00f3ximo 17 de marzo de 2026, el Ilustre Colexio da Avogac\u00eda de Ourense (ICA Ourense) acoger\u00e1 un taller pr\u00e1ctico bajo el t\u00edtulo \u201cCriterios jurisprudenciales aplicables a los MASC\u201d, una sesi\u00f3n formativa de especial inter\u00e9s para la abogac\u00eda en el actual contexto de impulso a los M\u00e9todos Adecuados de Soluci\u00f3n de Conflictos. La jornada se &hellip; <\/p>","protected":false},"author":1,"featured_media":1538,"comment_status":"closed","ping_status":"closed","sticky":false,"template":"","format":"standard","meta":{"footnotes":""},"categories":[1],"tags":[],"class_list":["post-1529","post","type-post","status-publish","format-standard","has-post-thumbnail","hentry","category-sin-categoria"],"_links":{"self":[{"href":"https:\/\/icaourense.gal\/gl\/wp-json\/wp\/v2\/posts\/1529","targetHints":{"allow":["GET"]}}],"collection":[{"href":"https:\/\/icaourense.gal\/gl\/wp-json\/wp\/v2\/posts"}],"about":[{"href":"https:\/\/icaourense.gal\/gl\/wp-json\/wp\/v2\/types\/post"}],"author":[{"embeddable":true,"href":"https:\/\/icaourense.gal\/gl\/wp-json\/wp\/v2\/users\/1"}],"replies":[{"embeddable":true,"href":"https:\/\/icaourense.gal\/gl\/wp-json\/wp\/v2\/comments?post=1529"}],"version-history":[{"count":4,"href":"https:\/\/icaourense.gal\/gl\/wp-json\/wp\/v2\/posts\/1529\/revisions"}],"predecessor-version":[{"id":1539,"href":"https:\/\/icaourense.gal\/gl\/wp-json\/wp\/v2\/posts\/1529\/revisions\/1539"}],"wp:featuredmedia":[{"embeddable":true,"href":"https:\/\/icaourense.gal\/gl\/wp-json\/wp\/v2\/media\/1538"}],"wp:attachment":[{"href":"https:\/\/icaourense.gal\/gl\/wp-json\/wp\/v2\/media?parent=1529"}],"wp:term":[{"taxonomy":"category","embeddable":true,"href":"https:\/\/icaourense.gal\/gl\/wp-json\/wp\/v2\/categories?post=1529"},{"taxonomy":"post_tag","embeddable":true,"href":"https:\/\/icaourense.gal\/gl\/wp-json\/wp\/v2\/tags?post=1529"}],"curies":[{"name":"wp","href":"https:\/\/api.w.org\/{rel}","templated":true}]}}