{"id":1524,"date":"2026-02-23T11:13:52","date_gmt":"2026-02-23T10:13:52","guid":{"rendered":"https:\/\/icaourense.gal\/?p=1524"},"modified":"2026-02-23T11:29:17","modified_gmt":"2026-02-23T10:29:17","slug":"la-xunta-prorroga-de-forma-unilateral-el-baremo-del-turno-de-oficio-sin-atender-las-demandas-de-los-letrados-y-letradas","status":"publish","type":"post","link":"https:\/\/icaourense.gal\/gl\/la-xunta-prorroga-de-forma-unilateral-el-baremo-del-turno-de-oficio-sin-atender-las-demandas-de-los-letrados-y-letradas\/","title":{"rendered":"A Xunta prorroga de xeito unilateral o baremo da Quenda de Oficio sen atender as demandas dos letrados e letradas"},"content":{"rendered":"<p>A Orde do 12 de febreiro de 2026 prorroga, durante o cuarto trimestre de 2025 e o primeiro, segundo e terceiro trimestres de 2026, o acordo entre a Xunta de Galicia e o Consello da Avogac\u00eda Galega en materia de compensaci\u00f3n econ\u00f3mica pola asistencia xur\u00eddica gratu\u00edta.<\/p>\n\n\n\n<p class=\"translation-block\">Esta pr\u00f3rroga ad\u00f3ptase de maneira unilateral por parte da Administraci\u00f3n auton\u00f3mica e lim\u00edtase aos tres mill\u00f3ns de euros de incremento orzamentados pola Xunta, sen atender as reivindicaci\u00f3ns e propostas formuladas polo colectivo profesional.<\/p>\n\n\n\n<p>Desde a avogac\u00eda ins\u00edstese na necesidade dunha negociaci\u00f3n real que permita dignificar o servizo p\u00fablico de Xustiza e garantir unha compensaci\u00f3n axeitada ao traballo desenvolvido polos e polas profesionais da Quenda de Oficio.<\/p>\n\n\n\n<ul class=\"wp-block-list\">\n<li><a href=\"https:\/\/www.xunta.gal\/dog\/Publicados\/2026\/20260223\/AnuncioG0759-130226-0003_gl.html\" target=\"_blank\" rel=\"noreferrer noopener\">ORDE do 12 de febreiro de 2026 pola que se prorroga, durante o cuarto trimestre de 2025 e o primeiro, segundo e terceiro trimestres de 2026, o acordo entre a Xunta de Galicia e o Consello da Avogac\u00eda Galega sobre a compensaci\u00f3n econ\u00f3mica pola asistencia xur\u00eddica gratu\u00edta.<\/a><\/li>\n<\/ul>\n\n\n\n<p><\/p>","protected":false},"excerpt":{"rendered":"<p>La Orden de 12 de febrero de 2026 prorroga, durante el cuarto trimestre de 2025 y el primer, segundo y tercer trimestres de 2026, el acuerdo entre la Xunta de Galicia y el Consello da Avogac\u00eda Galega en materia de compensaci\u00f3n econ\u00f3mica por la asistencia jur\u00eddica gratuita. Esta pr\u00f3rroga se adopta de manera&nbsp;unilateral&nbsp;por parte de &hellip; <\/p>","protected":false},"author":1,"featured_media":448,"comment_status":"closed","ping_status":"closed","sticky":false,"template":"","format":"standard","meta":{"footnotes":""},"categories":[16],"tags":[],"class_list":["post-1524","post","type-post","status-publish","format-standard","has-post-thumbnail","hentry","category-profesion"],"_links":{"self":[{"href":"https:\/\/icaourense.gal\/gl\/wp-json\/wp\/v2\/posts\/1524","targetHints":{"allow":["GET"]}}],"collection":[{"href":"https:\/\/icaourense.gal\/gl\/wp-json\/wp\/v2\/posts"}],"about":[{"href":"https:\/\/icaourense.gal\/gl\/wp-json\/wp\/v2\/types\/post"}],"author":[{"embeddable":true,"href":"https:\/\/icaourense.gal\/gl\/wp-json\/wp\/v2\/users\/1"}],"replies":[{"embeddable":true,"href":"https:\/\/icaourense.gal\/gl\/wp-json\/wp\/v2\/comments?post=1524"}],"version-history":[{"count":1,"href":"https:\/\/icaourense.gal\/gl\/wp-json\/wp\/v2\/posts\/1524\/revisions"}],"predecessor-version":[{"id":1525,"href":"https:\/\/icaourense.gal\/gl\/wp-json\/wp\/v2\/posts\/1524\/revisions\/1525"}],"wp:featuredmedia":[{"embeddable":true,"href":"https:\/\/icaourense.gal\/gl\/wp-json\/wp\/v2\/media\/448"}],"wp:attachment":[{"href":"https:\/\/icaourense.gal\/gl\/wp-json\/wp\/v2\/media?parent=1524"}],"wp:term":[{"taxonomy":"category","embeddable":true,"href":"https:\/\/icaourense.gal\/gl\/wp-json\/wp\/v2\/categories?post=1524"},{"taxonomy":"post_tag","embeddable":true,"href":"https:\/\/icaourense.gal\/gl\/wp-json\/wp\/v2\/tags?post=1524"}],"curies":[{"name":"wp","href":"https:\/\/api.w.org\/{rel}","templated":true}]}}