{"id":1515,"date":"2026-02-22T11:04:47","date_gmt":"2026-02-22T10:04:47","guid":{"rendered":"https:\/\/icaourense.gal\/?p=1515"},"modified":"2026-02-23T11:24:38","modified_gmt":"2026-02-23T10:24:38","slug":"la-abogacia-de-ourense-vota-un-no-rotundo-a-la-propuesta-de-la-xunta-que-agiliza-pagos-ante-la-presion-del-colectivo","status":"publish","type":"post","link":"https:\/\/icaourense.gal\/gl\/la-abogacia-de-ourense-vota-un-no-rotundo-a-la-propuesta-de-la-xunta-que-agiliza-pagos-ante-la-presion-del-colectivo\/","title":{"rendered":"La abogac\u00eda de Ourense vota un \u2018NO\u2019 rotundo a la propuesta de la Xunta, que agiliza pagos ante la presi\u00f3n del colectivo"},"content":{"rendered":"<ul class=\"wp-block-list\">\n<li><strong>En una contundente muestra de unidad, la abogac\u00eda de Ourense ha rechazado con una mayor\u00eda aplastante, la propuesta de la Xunta de Galicia para la financiaci\u00f3n del Turno de Oficio. <\/strong><\/li>\n<\/ul>\n\n\n\n<ul class=\"wp-block-list\">\n<li><strong>A firmeza do colectivo tivo como consecuencia inmediata a axilizaci\u00f3n dos pagamentos atrasados por parte da Administraci\u00f3n, se ben se agarda que esta publique de forma unilateral o novo baremo do servizo o vindeiro luns.<\/strong><\/li>\n<\/ul>\n\n\n\n<p class=\"translation-block\"><strong>OURENSE, 22 de febreiro de 2026<\/strong>\u2013O Ilustre Colexio da Avogac\u00eda de Ourense informa do resultado da consulta realizada aos seus colexiados e colexiadas sobre a proposta da Xunta de Galicia para o financiamento da Quenda de Oficio. Cunha participaci\u00f3n que reflicte a preocupaci\u00f3n do colectivo, <strong>os letrados e as letradas votaron \u2018NON\u2019<\/strong> \u00e1s propostas actuais mentres non se acepte un incremento orzamentario suficiente, respaldando de forma contundente a postura firme da Xunta de Goberno na defensa dun servizo p\u00fablico digno e xustamente retribu\u00eddo.<\/p>\n\n\n\n<p class=\"translation-block\">Esta demostraci\u00f3n de unidade e firmeza, sumada \u00e1 doutros colexios, xa provocou unha primeira reacci\u00f3n por parte da Administraci\u00f3n. Tras o anuncio das consultas e a clara posici\u00f3n da avogac\u00eda, <strong>a Xunta de Galicia procedeu a aboar parte dos atrasos pendentes.<\/strong>\n\nEste movemento demostra que a presi\u00f3n exercida a trav\u00e9s dunha postura unida e decidida \u00e9 a \u00fanica v\u00eda eficaz para que a Administraci\u00f3n atenda as xustas reivindicaci\u00f3ns do colectivo.<\/p>\n\n\n\n<p>Para la Decana, Marta G\u00f3mez \u00c1lvarez, \u201cel resultado en Ourense env\u00eda un mensaje inequ\u00edvoco: la abogac\u00eda no acepta una propuesta insuficiente que no dignifica el servicio ni reconoce el trabajo de sus profesionales. La oferta de la Xunta, lejos de ser una negociaci\u00f3n real, perpet\u00faa las carencias de quienes garantizan el acceso a la justicia de las personas m\u00e1s vulnerables.\u201d <\/p>\n\n\n\n<p class=\"translation-block\">Desde o ICA Ourense \u2014insiste G\u00f3mez \u00c1lvarez\u2014 facemos <strong>un chamamento \u00e1 unidade e ao compa\u00f1eirismo<\/strong>. A experiencia destes \u00faltimos d\u00edas evidencia que a firmeza colectiva d\u00e1 resultados. Votar \u2018NON\u2019 non \u00e9 s\u00f3 unha cuesti\u00f3n de dignidade profesional, sen\u00f3n unha ferramenta de negociaci\u00f3n eficaz\u201d.<\/p>\n\n\n\n<p>Aceptar a proposta actual ser\u00eda validar a estratexia da Xunta e lexitimar os seus incumprimentos. \u201c\u00c9 o momento de demostrar que estamos unidos na defensa do Servizo P\u00fablico de Xustiza. Confiamos en que os compa\u00f1eiros e compa\u00f1eiras de toda Galicia se sumar\u00e1n a esta postura maioritaria polo ben da profesi\u00f3n e do Estado de Dereito\u201d \u2013 concl\u00fae.<\/p>\n\n\n\n<p>A Xunta de Goberno do ICA Ourense continuar\u00e1 informando dos vindeiros pasos e reafirma o seu compromiso irrenunciable coa defensa dun servizo p\u00fablico esencial.<\/p>\n\n\n\n<ul class=\"wp-block-list\">\n<li class=\"translation-block\">La Voz de Galicia <a href=\"https:\/\/www.lavozdegalicia.es\/noticia\/ourense\/ourense\/2026\/02\/23\/abogados-rechazan-propuesta-xunta-financiar-turno-oficio\/0003_202602O23C3992.htm\" data-type=\"link\" data-id=\"https:\/\/www.lavozdegalicia.es\/noticia\/ourense\/ourense\/2026\/02\/23\/abogados-rechazan-propuesta-xunta-financiar-turno-oficio\/0003_202602O23C3992.htm\" target=\"_self\">Os avogados rexeitan a proposta da Xunta para financiar a quenda de oficio<\/a><\/li>\n\n\n\n<li class=\"translation-block\">Galicia Press <a href=\"https:\/\/www.galiciapress.es\/articulo\/ultima-hora\/2026-02-22\/5781390-abogacia-ourense-vota-no-propuesta-xunta-hasta-acepte-incremento-presupuestario\" data-type=\"link\" data-id=\"https:\/\/www.galiciapress.es\/articulo\/ultima-hora\/2026-02-22\/5781390-abogacia-ourense-vota-no-propuesta-xunta-hasta-acepte-incremento-presupuestario\" target=\"_self\">A Avogac\u00eda de Ourense vota \u2018non\u2019 \u00e1 proposta da Xunta ata que se acepte un incremento orzamentario<\/a><\/li>\n\n\n\n<li class=\"translation-block\">La Regi\u00f3n <a href=\"https:\/\/www.laregion.es\/ourense\/abogacia-ourense-vota-no-propuesta-xunta_1_20260222-4172884.html\" data-type=\"link\" data-id=\"https:\/\/www.laregion.es\/ourense\/abogacia-ourense-vota-no-propuesta-xunta_1_20260222-4172884.html\" target=\"_self\">A Avogac\u00eda de Ourense vota \u00abnon\u00bb \u00e1 proposta da Xunta ata lograr un aumento orzamentario<\/a><\/li>\n<\/ul>\n\n\n\n<p><\/p>","protected":false},"excerpt":{"rendered":"<p>OURENSE, 22 de febrero de 2026\u2013El Ilustre Colexio da Avogac\u00eda de Ourense informa del resultado de la consulta realizada a sus colegiados y colegiadas sobre la propuesta de la Xunta de Galicia para la financiaci\u00f3n del Turno de Oficio. Con una participaci\u00f3n que refleja la preocupaci\u00f3n del colectivo, los letrados y las letradas han votado &hellip; <\/p>","protected":false},"author":1,"featured_media":448,"comment_status":"closed","ping_status":"closed","sticky":false,"template":"","format":"standard","meta":{"footnotes":""},"categories":[1],"tags":[],"class_list":["post-1515","post","type-post","status-publish","format-standard","has-post-thumbnail","hentry","category-sin-categoria"],"_links":{"self":[{"href":"https:\/\/icaourense.gal\/gl\/wp-json\/wp\/v2\/posts\/1515","targetHints":{"allow":["GET"]}}],"collection":[{"href":"https:\/\/icaourense.gal\/gl\/wp-json\/wp\/v2\/posts"}],"about":[{"href":"https:\/\/icaourense.gal\/gl\/wp-json\/wp\/v2\/types\/post"}],"author":[{"embeddable":true,"href":"https:\/\/icaourense.gal\/gl\/wp-json\/wp\/v2\/users\/1"}],"replies":[{"embeddable":true,"href":"https:\/\/icaourense.gal\/gl\/wp-json\/wp\/v2\/comments?post=1515"}],"version-history":[{"count":4,"href":"https:\/\/icaourense.gal\/gl\/wp-json\/wp\/v2\/posts\/1515\/revisions"}],"predecessor-version":[{"id":1527,"href":"https:\/\/icaourense.gal\/gl\/wp-json\/wp\/v2\/posts\/1515\/revisions\/1527"}],"wp:featuredmedia":[{"embeddable":true,"href":"https:\/\/icaourense.gal\/gl\/wp-json\/wp\/v2\/media\/448"}],"wp:attachment":[{"href":"https:\/\/icaourense.gal\/gl\/wp-json\/wp\/v2\/media?parent=1515"}],"wp:term":[{"taxonomy":"category","embeddable":true,"href":"https:\/\/icaourense.gal\/gl\/wp-json\/wp\/v2\/categories?post=1515"},{"taxonomy":"post_tag","embeddable":true,"href":"https:\/\/icaourense.gal\/gl\/wp-json\/wp\/v2\/tags?post=1515"}],"curies":[{"name":"wp","href":"https:\/\/api.w.org\/{rel}","templated":true}]}}