{"id":1512,"date":"2026-02-16T11:06:19","date_gmt":"2026-02-16T10:06:19","guid":{"rendered":"https:\/\/icaourense.gal\/?p=1512"},"modified":"2026-02-16T11:06:20","modified_gmt":"2026-02-16T10:06:20","slug":"marta-gomez-la-asistencia-juridica-gratuita-no-puede-sostenerse-con-migajas","status":"publish","type":"post","link":"https:\/\/icaourense.gal\/gl\/marta-gomez-la-asistencia-juridica-gratuita-no-puede-sostenerse-con-migajas\/","title":{"rendered":"Marta G\u00f3mez: \u201cA asistencia xur\u00eddica gratu\u00edta non pode sosterse con migallas\u201d"},"content":{"rendered":"<p><strong>O ICA Ourense traslada aos seus colexiados e colexiadas a decisi\u00f3n de manter o actual modelo de financiamento da asistencia xur\u00eddica gratu\u00edta ou esixir \u00e1 Xunta unha negociaci\u00f3n real para garantir a s\u00faa viabilidade<\/strong><\/p>\n\n\n\n<p>Ourense, 16 de febrero de 2026.\u2013 La decana del Ilustre Colexio da Avogac\u00eda de Ourense, Marta G\u00f3mez, ha analizado en una entrevista concedida a Galiciapress la situaci\u00f3n cr\u00edtica que atraviesa el servicio de asistencia jur\u00eddica gratuita en Galicia.<\/p>\n\n\n\n<p>Nun contexto de incremento constante de solicitudes, o financiamento auton\u00f3mico non evolucionou na mesma proporci\u00f3n, o que, segundo a decana, sit\u00faa o sistema nun escenario \u201cinsostible tal e como est\u00e1 formulado\u201d.<\/p>\n\n\n\n<h3 class=\"wp-block-heading\">Unha decisi\u00f3n nas mans do colectivo<\/h3>\n\n\n\n<p>El Colegio ha trasladado a sus colegiados una consulta para decidir la hoja de ruta: aceptar la propuesta presupuestaria presentada por la Xunta \u2014que contempla un incremento inferior a tres millones de euros\u2014 o mantener una postura firme para exigir una ampliaci\u00f3n real de la dotaci\u00f3n econ\u00f3mica, que el ICA Ourense estima en al menos seis millones para garantizar la viabilidad del servicio.<\/p>\n\n\n\n<p>\u00abA cuesti\u00f3n \u00e9 clara\u00bb, explica G\u00f3mez: ou se acepta un modelo que obriga a seguir traballando en condici\u00f3ns deficitarias, ou se abre unha negociaci\u00f3n real para dotar o servizo dos recursos necesarios.<\/p>\n\n\n\n<h3 class=\"wp-block-heading\">Un sistema tensionado<\/h3>\n\n\n\n<p>A asistencia xur\u00eddica gratu\u00edta, dereito reco\u00f1ecido constitucionalmente, depende do traballo dos profesionais adscritos \u00e1 Quenda de Oficio, que desde novembro de 2023 mante\u00f1en unha folga indefinida a nivel estatal. A pesar do incremento da demanda, o financiamento contin\u00faa realiz\u00e1ndose \u201ca toro pasado\u201d, o que obriga aos colexios profesionais a adiantar fondos para garantir o pagamento aos letrados.<\/p>\n\n\n\n<p>Desde o ICA Ourense recl\u00e1mase un financiamento estable e anticipado que permita evitar situaci\u00f3ns de tensi\u00f3n financeira que comprometen a sustentabilidade do servizo.<\/p>\n\n\n\n<h3 class=\"wp-block-heading\">Falta de di\u00e1logo institucional<\/h3>\n\n\n\n<p>Na entrevista, a decana lamenta a ausencia de di\u00e1logo por parte da Administraci\u00f3n auton\u00f3mica. Segundo sinala, non se aceptaron propostas relativas \u00e1 actualizaci\u00f3n de conceptos, gardas ou melloras estruturais do baremo.<\/p>\n\n\n\n<p>As\u00ed mesmo, destaca que existe consenso entre os colexios galegos en non subscribir o acordo nas actuais condici\u00f3ns, a\u00ednda que os m\u00e9todos para abordar a situaci\u00f3n difiren entre corporaci\u00f3ns.<\/p>\n\n\n\n<h3 class=\"wp-block-heading\">A cuesti\u00f3n de fondo: o reco\u00f1ecemento profesional<\/h3>\n\n\n\n<p>Un dos eixes centrais do conflito \u00e9 a negativa a reco\u00f1ecer a especial relaci\u00f3n de dependencia existente entre a Administraci\u00f3n e os profesionais da Quenda de Oficio. O ICA Ourense encargou un estudo acad\u00e9mico para analizar posibles f\u00f3rmulas xur\u00eddicas que permitan abordar esta realidade desde un marco regulador axeitado.<\/p>\n\n\n\n<p>A decana subli\u00f1a que o debate non \u00e9 unicamente econ\u00f3mico, sen\u00f3n tam\u00e9n estrutural: tr\u00e1tase de garantir a dignidade profesional e a calidade do servizo p\u00fablico que se presta \u00e1 cidadan\u00eda.<\/p>\n\n\n\n<h3 class=\"wp-block-heading\">Un ano de cambio<\/h3>\n\n\n\n<p>No seu primeiro ano \u00e1 fronte do Colexio, Marta G\u00f3mez impulsou unha reorganizaci\u00f3n interna e reforzou a defensa institucional dos colexiados e colexiadas, inclu\u00edndo a concesi\u00f3n de amparo colexial a profesionais sancionados no contexto da folga.<\/p>\n\n\n\n<p>O resultado da consulta ao colectivo co\u00f1ecerase nos vindeiros d\u00edas. Da s\u00faa decisi\u00f3n depender\u00e1 que o ICA Ourense mante\u00f1a a actual estratexia de presi\u00f3n institucional ou que acepte o marco orzamentario proposto.<\/p>\n\n\n\n<p>O que si queda claro \u00e9 que o debate xa non \u00e9 t\u00e9cnico, sen\u00f3n estrat\u00e9xico: garantir que a asistencia xur\u00eddica gratu\u00edta conte cos recursos necesarios para non converterse nun sistema sustentado unicamente pola boa vontade dos seus profesionais.<\/p>\n\n\n\n<p class=\"translation-block\">Entrevista completa en Galicia Press <a href=\"https:\/\/www.galiciapress.es\/articulo\/politica-galicia\/2026-02-12\/5769094-abogados-turno-oficio-ourense-eligen-trabajar-gratis-repartir-migajas-guerra-contra-xunta\" target=\"_self\"> Avogados da Quenda de Oficio de Ourense elixen: \u00abtraballar gratis e repartir migallas\u00bb ou ir \u00e1 guerra contra a Xunta<\/a><\/p>","protected":false},"excerpt":{"rendered":"<p>El ICA Ourense traslada a sus colegiados la decisi\u00f3n de mantener el actual modelo de financiaci\u00f3n de la asistencia jur\u00eddica gratuita o exigir a la Xunta una negociaci\u00f3n real para garantizar su viabilidad Ourense, 16 de febrero de 2026.\u2013 La decana del Ilustre Colexio da Avogac\u00eda de Ourense, Marta G\u00f3mez, ha analizado en una entrevista &hellip; <\/p>","protected":false},"author":1,"featured_media":1513,"comment_status":"closed","ping_status":"closed","sticky":false,"template":"","format":"standard","meta":{"footnotes":""},"categories":[1],"tags":[],"class_list":["post-1512","post","type-post","status-publish","format-standard","has-post-thumbnail","hentry","category-sin-categoria"],"_links":{"self":[{"href":"https:\/\/icaourense.gal\/gl\/wp-json\/wp\/v2\/posts\/1512","targetHints":{"allow":["GET"]}}],"collection":[{"href":"https:\/\/icaourense.gal\/gl\/wp-json\/wp\/v2\/posts"}],"about":[{"href":"https:\/\/icaourense.gal\/gl\/wp-json\/wp\/v2\/types\/post"}],"author":[{"embeddable":true,"href":"https:\/\/icaourense.gal\/gl\/wp-json\/wp\/v2\/users\/1"}],"replies":[{"embeddable":true,"href":"https:\/\/icaourense.gal\/gl\/wp-json\/wp\/v2\/comments?post=1512"}],"version-history":[{"count":1,"href":"https:\/\/icaourense.gal\/gl\/wp-json\/wp\/v2\/posts\/1512\/revisions"}],"predecessor-version":[{"id":1514,"href":"https:\/\/icaourense.gal\/gl\/wp-json\/wp\/v2\/posts\/1512\/revisions\/1514"}],"wp:featuredmedia":[{"embeddable":true,"href":"https:\/\/icaourense.gal\/gl\/wp-json\/wp\/v2\/media\/1513"}],"wp:attachment":[{"href":"https:\/\/icaourense.gal\/gl\/wp-json\/wp\/v2\/media?parent=1512"}],"wp:term":[{"taxonomy":"category","embeddable":true,"href":"https:\/\/icaourense.gal\/gl\/wp-json\/wp\/v2\/categories?post=1512"},{"taxonomy":"post_tag","embeddable":true,"href":"https:\/\/icaourense.gal\/gl\/wp-json\/wp\/v2\/tags?post=1512"}],"curies":[{"name":"wp","href":"https:\/\/api.w.org\/{rel}","templated":true}]}}