{"id":1478,"date":"2026-02-14T20:41:20","date_gmt":"2026-02-14T19:41:20","guid":{"rendered":"https:\/\/icaourense.gal\/?p=1478"},"modified":"2026-02-14T21:20:33","modified_gmt":"2026-02-14T20:20:33","slug":"el-ica-ourense-acoge-una-formacion-especializada-en-ciberdelincuencia-y-prueba-digital","status":"publish","type":"post","link":"https:\/\/icaourense.gal\/gl\/el-ica-ourense-acoge-una-formacion-especializada-en-ciberdelincuencia-y-prueba-digital\/","title":{"rendered":"Formaci\u00f3n especializada en Ciberdelincuencia y Prueba Digital. 23, 25 y 26 de febrero"},"content":{"rendered":"<div class=\"wp-block-group is-nowrap is-layout-flex wp-container-core-group-is-layout-ad2f72ca wp-block-group-is-layout-flex\">\n<p>El Ilustre Colexio da Avogac\u00eda de Ourense (ICA Ourense) celebrar\u00e1 los pr\u00f3ximos\u00a0<strong>d\u00edas 23, 25 y 26 de febrero<\/strong>, en horario de\u00a0<strong>16:30 a 19:30 horas<\/strong>, una formaci\u00f3n especializada bajo el t\u00edtulo: \u00ab<strong>Ciberdelincuencia y prueba digital. Claves para la investigaci\u00f3n y defensa\u201d<\/strong>.<\/p>\n<\/div>\n\n\n\n<p class=\"translation-block\">As sesi\u00f3ns ter\u00e1n lugar no <strong>sal\u00f3n de actos do ICA Ourense<\/strong>, consolidando o compromiso do Colexio coa actualizaci\u00f3n continua da avogac\u00eda ante os novos retos xur\u00eddicos derivados da contorna dixital.<\/p>\n\n\n\n<p class=\"translation-block\">A formaci\u00f3n ser\u00e1 impartida por <strong>Efr\u00e9n Var\u00f3n Gil<\/strong>, presidente de Ourensec e garda civil en excedencia, profesional con ampla experiencia no \u00e1mbito da investigaci\u00f3n tecnol\u00f3xica e da seguridade dixital.<\/p>\n\n\n\n<h3 class=\"wp-block-heading\">Un enfoque pr\u00e1ctico<\/h3>\n\n\n\n<p>Durante as tres xornadas abordaranse cuesti\u00f3ns esenciais como:<\/p>\n\n\n\n<ul class=\"wp-block-list\">\n<li>A tipolox\u00eda actual da ciberdelincuencia.<\/li>\n\n\n\n<li>Obtenci\u00f3n e validez da proba dixial.<\/li>\n\n\n\n<li>Cadea de custodia e preservaci\u00f3n de evidencias electr\u00f3nicas.<\/li>\n\n\n\n<li>Estratexias procesais na investigaci\u00f3n e defensa en delitos tecnol\u00f3xicos.<\/li>\n\n\n\n<li>Erros frecuentes no tratamento probatorio dixital.<\/li>\n<\/ul>\n\n\n\n<p>Nun contexto no que os delitos inform\u00e1ticos e o uso de medios dixitais nos procedementos xudiciais son cada vez m\u00e1is habituais, esta formaci\u00f3n permitir\u00e1 aos profesionais adquirir ferramentas pr\u00e1cticas para afrontar con solvencia a direcci\u00f3n letrada en asuntos relacionados coas novas tecnolox\u00edas.<\/p>\n\n\n\n<h2 class=\"wp-block-heading\"><strong>Inscrici\u00f3ns<\/strong><\/h2>\n\n\n\n<ul class=\"wp-block-list\">\n<li>Actividad gratuita para colegiados\/as previa inscripci\u00f3n: <a href=\"https:\/\/forms.gle\/vMQ9fF1EnJxLdPrXA\">https:\/\/forms.gle\/vMQ9fF1EnJxLdPrXA<\/a>. <\/li>\n\n\n\n<li>Plazas limitadas hasta completar aforo.<\/li>\n<\/ul>\n\n\n\n<figure class=\"wp-block-gallery has-nested-images columns-default is-cropped wp-block-gallery-1 is-layout-flex wp-block-gallery-is-layout-flex\">\n<figure class=\"wp-block-image size-large\"><img loading=\"lazy\" decoding=\"async\" width=\"1011\" height=\"639\" data-id=\"1488\" src=\"https:\/\/icaourense.gal\/wp-content\/uploads\/2026\/02\/Tarjeta-de-Identificacion-Evento-Profesional-Naranja-2.jpg\" alt=\"\" class=\"wp-image-1488\" srcset=\"https:\/\/icaourense.gal\/wp-content\/uploads\/2026\/02\/Tarjeta-de-Identificacion-Evento-Profesional-Naranja-2.jpg 1011w, https:\/\/icaourense.gal\/wp-content\/uploads\/2026\/02\/Tarjeta-de-Identificacion-Evento-Profesional-Naranja-2-300x190.jpg 300w, https:\/\/icaourense.gal\/wp-content\/uploads\/2026\/02\/Tarjeta-de-Identificacion-Evento-Profesional-Naranja-2-768x485.jpg 768w, https:\/\/icaourense.gal\/wp-content\/uploads\/2026\/02\/Tarjeta-de-Identificacion-Evento-Profesional-Naranja-2-18x12.jpg 18w, https:\/\/icaourense.gal\/wp-content\/uploads\/2026\/02\/Tarjeta-de-Identificacion-Evento-Profesional-Naranja-2-95x60.jpg 95w\" sizes=\"auto, (max-width: 1011px) 100vw, 1011px\" \/><\/figure>\n<\/figure>","protected":false},"excerpt":{"rendered":"<p>El Ilustre Colexio da Avogac\u00eda de Ourense (ICA Ourense) celebrar\u00e1 los pr\u00f3ximos\u00a0d\u00edas 23, 25 y 26 de febrero, en horario de\u00a016:30 a 19:30 horas, una formaci\u00f3n especializada bajo el t\u00edtulo: \u00abCiberdelincuencia y prueba digital. Claves para la investigaci\u00f3n y defensa\u201d. Las sesiones tendr\u00e1n lugar en el sal\u00f3n de actos del ICA Ourense, consolidando el compromiso &hellip; <\/p>","protected":false},"author":1,"featured_media":1501,"comment_status":"closed","ping_status":"closed","sticky":false,"template":"","format":"standard","meta":{"footnotes":""},"categories":[18,17],"tags":[],"class_list":["post-1478","post","type-post","status-publish","format-standard","has-post-thumbnail","hentry","category-formacion","category-ica-ourense"],"_links":{"self":[{"href":"https:\/\/icaourense.gal\/gl\/wp-json\/wp\/v2\/posts\/1478","targetHints":{"allow":["GET"]}}],"collection":[{"href":"https:\/\/icaourense.gal\/gl\/wp-json\/wp\/v2\/posts"}],"about":[{"href":"https:\/\/icaourense.gal\/gl\/wp-json\/wp\/v2\/types\/post"}],"author":[{"embeddable":true,"href":"https:\/\/icaourense.gal\/gl\/wp-json\/wp\/v2\/users\/1"}],"replies":[{"embeddable":true,"href":"https:\/\/icaourense.gal\/gl\/wp-json\/wp\/v2\/comments?post=1478"}],"version-history":[{"count":15,"href":"https:\/\/icaourense.gal\/gl\/wp-json\/wp\/v2\/posts\/1478\/revisions"}],"predecessor-version":[{"id":1508,"href":"https:\/\/icaourense.gal\/gl\/wp-json\/wp\/v2\/posts\/1478\/revisions\/1508"}],"wp:featuredmedia":[{"embeddable":true,"href":"https:\/\/icaourense.gal\/gl\/wp-json\/wp\/v2\/media\/1501"}],"wp:attachment":[{"href":"https:\/\/icaourense.gal\/gl\/wp-json\/wp\/v2\/media?parent=1478"}],"wp:term":[{"taxonomy":"category","embeddable":true,"href":"https:\/\/icaourense.gal\/gl\/wp-json\/wp\/v2\/categories?post=1478"},{"taxonomy":"post_tag","embeddable":true,"href":"https:\/\/icaourense.gal\/gl\/wp-json\/wp\/v2\/tags?post=1478"}],"curies":[{"name":"wp","href":"https:\/\/api.w.org\/{rel}","templated":true}]}}