{"id":1348,"date":"2025-12-12T18:04:35","date_gmt":"2025-12-12T17:04:35","guid":{"rendered":"https:\/\/icaourense.gal\/?p=1348"},"modified":"2025-12-12T18:04:36","modified_gmt":"2025-12-12T17:04:36","slug":"el-juzgado-de-lo-social-numero-1-de-ourense-ratifica-que-el-ilustre-colexio-da-avogacia-de-ourense-respeta-los-derechos-y-la-dignidad-de-los-trabajadores","status":"publish","type":"post","link":"https:\/\/icaourense.gal\/gl\/el-juzgado-de-lo-social-numero-1-de-ourense-ratifica-que-el-ilustre-colexio-da-avogacia-de-ourense-respeta-los-derechos-y-la-dignidad-de-los-trabajadores\/","title":{"rendered":"O Xulgado do Social n\u00famero 1 de Ourense ratifica que o Ilustre Colexio da Avogac\u00eda de Ourense respecta os dereitos e a dignidade das persoas traballadoras."},"content":{"rendered":"<p class=\"translation-block\">O Xulgado do Social n\u00famero 1 de Ourense concl\u00fae que non existe trato discriminatorio cara aos traballadores e \u00e1s traballadoras e que as medidas adoptadas polo Ilustre Colexio da Avogac\u00eda de Ourense non supo\u00f1en ningunha vulneraci\u00f3n substancial das s\u00faas condici\u00f3ns laborais.<\/p>\n\n\n\n<p>A Xunta de Goberno manifesta o seu m\u00e1ximo respecto polas decisi\u00f3ns xudiciais e reafirma o seu compromiso co estrito cumprimento da normativa laboral e coa protecci\u00f3n dos dereitos de todos e de todas, e asegura que \u00abcon todas as persoas traballadoras da instituci\u00f3n se mant\u00e9n un trato profesional e correcto\u00bb.<\/p>\n\n\n\n<p>No procedemento no que se reclamaba pola modificaci\u00f3n substancial das condici\u00f3ns de traballo e pola supresi\u00f3n dun complemento salarial, a sentenza confirma que non existe ningunha modificaci\u00f3n substancial das condici\u00f3ns laborais nin a eliminaci\u00f3n dunha condici\u00f3n m\u00e1is beneficiosa consolidada, ratificando as\u00ed a correcta actuaci\u00f3n do Ilustre Colexio da Avogac\u00eda de Ourense neste asunto.<\/p>\n\n\n\n<p class=\"translation-block\">Noutro litixio, relativo \u00e1 impugnaci\u00f3n dunha sanci\u00f3n disciplinaria, a sentenza estimou a demanda, declarando a nulidade da sanci\u00f3n de suspensi\u00f3n de emprego e soldo. A fundamentaci\u00f3n da nulidade reside na infracci\u00f3n do principio de legalidade, ao considerar o xulgador que \u00aba\u00ednda cando se consideran certos os feitos que puidesen deducirse do expediente informativo previo\u00bb, <u>a \u00fanica sanci\u00f3n legalmente aplicable, dada a s\u00faa gravidade, era o<\/u> <u>despedimento disciplinario. Segundo o fallo, a imposici\u00f3n dunha sanci\u00f3n inferior \u2014a<\/u> <u>suspensi\u00f3n de emprego e soldo\u2014 non se axusta \u00e1 tipificaci\u00f3n que a normativa laboral<\/u> <u>establece para incumprimentos de tal magnitude<\/u>.<\/p>\n\n\n\n<p class=\"translation-block\">Neste caso, a decisi\u00f3n de impo\u00f1er unha sanci\u00f3n menor ao despedimento adoptouse en consideraci\u00f3n \u00e1 antig\u00fcidade da traballadora. O Ilustre Colexio da Avogac\u00eda de Ourense contin\u00faa comprometido cunha xesti\u00f3n rigorosa e profesional dos seus recursos humanos, garantindo en todo momento un contorno de traballo respectuoso e o cumprimento escrupuloso da lexislaci\u00f3n vixente. \u00abO \u00fanico que se lles pide \u00e1s persoas traballadoras do Colexio \u00e9 que realicen o seu traballo adecuadamente\u00bb.<\/p>\n\n\n\n<p><\/p>","protected":false},"excerpt":{"rendered":"<p>El Juzgado de lo Social n\u00famero 1 de Ourense concluye que no existe tratamiento discriminatorio hacia los trabajadores y las trabajadoras y que las medidas adoptadas por el Ilustre Colexio da Avogac\u00eda de Ourense no suponen ninguna vulneraci\u00f3n sustancial de sus condiciones laborales. La Junta de Gobierno manifiesta su m\u00e1ximo respeto a las decisiones judiciales &hellip; <\/p>","protected":false},"author":1,"featured_media":448,"comment_status":"closed","ping_status":"closed","sticky":false,"template":"","format":"standard","meta":{"footnotes":""},"categories":[1],"tags":[],"class_list":["post-1348","post","type-post","status-publish","format-standard","has-post-thumbnail","hentry","category-sin-categoria"],"_links":{"self":[{"href":"https:\/\/icaourense.gal\/gl\/wp-json\/wp\/v2\/posts\/1348","targetHints":{"allow":["GET"]}}],"collection":[{"href":"https:\/\/icaourense.gal\/gl\/wp-json\/wp\/v2\/posts"}],"about":[{"href":"https:\/\/icaourense.gal\/gl\/wp-json\/wp\/v2\/types\/post"}],"author":[{"embeddable":true,"href":"https:\/\/icaourense.gal\/gl\/wp-json\/wp\/v2\/users\/1"}],"replies":[{"embeddable":true,"href":"https:\/\/icaourense.gal\/gl\/wp-json\/wp\/v2\/comments?post=1348"}],"version-history":[{"count":1,"href":"https:\/\/icaourense.gal\/gl\/wp-json\/wp\/v2\/posts\/1348\/revisions"}],"predecessor-version":[{"id":1349,"href":"https:\/\/icaourense.gal\/gl\/wp-json\/wp\/v2\/posts\/1348\/revisions\/1349"}],"wp:featuredmedia":[{"embeddable":true,"href":"https:\/\/icaourense.gal\/gl\/wp-json\/wp\/v2\/media\/448"}],"wp:attachment":[{"href":"https:\/\/icaourense.gal\/gl\/wp-json\/wp\/v2\/media?parent=1348"}],"wp:term":[{"taxonomy":"category","embeddable":true,"href":"https:\/\/icaourense.gal\/gl\/wp-json\/wp\/v2\/categories?post=1348"},{"taxonomy":"post_tag","embeddable":true,"href":"https:\/\/icaourense.gal\/gl\/wp-json\/wp\/v2\/tags?post=1348"}],"curies":[{"name":"wp","href":"https:\/\/api.w.org\/{rel}","templated":true}]}}