{"id":1281,"date":"2025-11-15T21:29:28","date_gmt":"2025-11-15T20:29:28","guid":{"rendered":"https:\/\/icaourense.gal\/?p=1281"},"modified":"2025-11-15T21:38:34","modified_gmt":"2025-11-15T20:38:34","slug":"el-ilustre-colexio-da-avogacia-de-ourense-homenajea-a-los-letrados-que-cumplen-25-anos-de-ejercicio-profesional","status":"publish","type":"post","link":"https:\/\/icaourense.gal\/gl\/el-ilustre-colexio-da-avogacia-de-ourense-homenajea-a-los-letrados-que-cumplen-25-anos-de-ejercicio-profesional\/","title":{"rendered":"O Ilustre Colexio da Avogac\u00eda de Ourense homenaxea aos letrados que cumpren 25 anos de exercicio profesional"},"content":{"rendered":"<p class=\"translation-block\">O Ilustre Colexio da Avogac\u00eda de Ourense celebrou este venres 14 de novembro un dos actos m\u00e1is emotivos e significativos do seu calendario: a homenaxe aos avogados e avogadas que alcanzan <strong>25 anos de exercicio profesional<\/strong>, un reco\u00f1ecemento \u00e1 s\u00faa dedicaci\u00f3n, esforzo e compromiso coa xustiza.<\/p>\n\n\n\n<p class=\"translation-block\">Este ano foron distinguidos <strong>Ana Cardero, Eva Y\u00e1\u00f1ez, Marta L\u00f3pez, Jaime Benito, Irene Rodr\u00edguez, H\u00e9ctor Pereiras<\/strong> e os irm\u00e1ns <strong>Jos\u00e9 Ricardo e Jos\u00e9 Manuel Orb\u00e1n<\/strong>, quen recibiron unha <strong>insignia de prata<\/strong> e un <strong>diploma conmemorativo<\/strong>, s\u00edmbolos do cami\u00f1o percorrido durante un cuarto de s\u00e9culo ao servizo da cidadan\u00eda.<\/p>\n\n\n\n<p class=\"translation-block\">A decana do Colexio, <strong>Marta G\u00f3mez<\/strong>, presidiu o acto e dedicou unhas palabras cheas de afecto e reco\u00f1ecemento \u00e1s persoas homenaxeadas. Na s\u00faa intervenci\u00f3n, destacou que cumprir 25 anos na profesi\u00f3n \u201c<strong>significa mirar atr\u00e1s e ver un cami\u00f1o cheo de esforzo, compromiso, sacrificio e moitas satisfacci\u00f3ns<\/strong>\u201d.<\/p>\n\n\n\n<p class=\"translation-block\">G\u00f3mez subli\u00f1ou que o pin de prata entregado representa os valores esenciais da avogac\u00eda:<br><strong>\u201cEsta insignia simboliza moito m\u00e1is ca o paso do tempo: representa a constancia, a \u00e9tica, o respecto polo xuramento que un d\u00eda fixestes e o amor por unha profesi\u00f3n que non sempre \u00e9 f\u00e1cil, pero que sempre paga a pena.\u201d<\/strong><\/p>\n\n\n\n<p class=\"translation-block\">A decana aproveitou tam\u00e9n para apelar \u00e1 unidade do colectivo: <strong>\u201cTraballemos xuntos, desde a empat\u00eda e o respecto, para que este Colexio siga sendo a casa de todos os avogados e avogadas, un espazo de encontro e de impulso para a nosa profesi\u00f3n.\u201d<\/strong>\nResaltou tam\u00e9n a importancia do compromiso demostrado polos letrados homenaxeados:\n<strong>\u201cEstes 25 anos son o reflexo dunha entrega constante a unha tarefa de enorme responsabilidade social. A administraci\u00f3n de xustiza necesita profesionais comprometidos e conscientes do seu papel na protecci\u00f3n dos dereitos fundamentais.\u201d<\/strong><\/p>\n\n\n\n<p class=\"translation-block\">Puxo en valor a s\u00faa achega ao funcionamento da xustiza ourens\u00e1: <strong>\u201cA vosa traxectoria \u00e9 un exemplo para as novas xeraci\u00f3ns e un activo imprescind\u00edbel para o sistema xudicial.\u201d<\/strong><\/p>\n\n\n\n<p class=\"translation-block\">O acto estivo presidido pola presidenta da Audiencia Provincial de Ourense, <strong>Dna. Ana Mar\u00eda del Carmen Blanco Arce<\/strong>, quen falou en nome do presidente do Tribunal Superior de Xustiza de Galicia, Ignacio Picatoste Sueiras.<\/p>\n\n\n\n<figure class=\"wp-block-image size-large\"><img loading=\"lazy\" decoding=\"async\" width=\"1024\" height=\"576\" src=\"https:\/\/icaourense.gal\/wp-content\/uploads\/2025\/11\/WhatsApp-Image-2025-11-15-at-21.28.26-1024x576.jpeg\" alt=\"\" class=\"wp-image-1284\" srcset=\"https:\/\/icaourense.gal\/wp-content\/uploads\/2025\/11\/WhatsApp-Image-2025-11-15-at-21.28.26-1024x576.jpeg 1024w, https:\/\/icaourense.gal\/wp-content\/uploads\/2025\/11\/WhatsApp-Image-2025-11-15-at-21.28.26-300x169.jpeg 300w, https:\/\/icaourense.gal\/wp-content\/uploads\/2025\/11\/WhatsApp-Image-2025-11-15-at-21.28.26-768x432.jpeg 768w, https:\/\/icaourense.gal\/wp-content\/uploads\/2025\/11\/WhatsApp-Image-2025-11-15-at-21.28.26-1536x864.jpeg 1536w, https:\/\/icaourense.gal\/wp-content\/uploads\/2025\/11\/WhatsApp-Image-2025-11-15-at-21.28.26-18x10.jpeg 18w, https:\/\/icaourense.gal\/wp-content\/uploads\/2025\/11\/WhatsApp-Image-2025-11-15-at-21.28.26-107x60.jpeg 107w, https:\/\/icaourense.gal\/wp-content\/uploads\/2025\/11\/WhatsApp-Image-2025-11-15-at-21.28.26.jpeg 2048w\" sizes=\"auto, (max-width: 1024px) 100vw, 1024px\" \/><\/figure>","protected":false},"excerpt":{"rendered":"<p>El Ilustre Colexio de la Avogac\u00eda de Ourense celebr\u00f3 este viernes 14 de noviembre uno de los actos m\u00e1s emotivos y significativos de su calendario: el homenaje a los abogados y abogadas que alcanzan 25 a\u00f1os de ejercicio profesional, un reconocimiento a su dedicaci\u00f3n, esfuerzo y compromiso con la justicia. Este a\u00f1o fueron distinguidos Ana &hellip; <\/p>","protected":false},"author":1,"featured_media":1282,"comment_status":"closed","ping_status":"closed","sticky":false,"template":"","format":"standard","meta":{"footnotes":""},"categories":[17],"tags":[],"class_list":["post-1281","post","type-post","status-publish","format-standard","has-post-thumbnail","hentry","category-ica-ourense"],"_links":{"self":[{"href":"https:\/\/icaourense.gal\/gl\/wp-json\/wp\/v2\/posts\/1281","targetHints":{"allow":["GET"]}}],"collection":[{"href":"https:\/\/icaourense.gal\/gl\/wp-json\/wp\/v2\/posts"}],"about":[{"href":"https:\/\/icaourense.gal\/gl\/wp-json\/wp\/v2\/types\/post"}],"author":[{"embeddable":true,"href":"https:\/\/icaourense.gal\/gl\/wp-json\/wp\/v2\/users\/1"}],"replies":[{"embeddable":true,"href":"https:\/\/icaourense.gal\/gl\/wp-json\/wp\/v2\/comments?post=1281"}],"version-history":[{"count":2,"href":"https:\/\/icaourense.gal\/gl\/wp-json\/wp\/v2\/posts\/1281\/revisions"}],"predecessor-version":[{"id":1285,"href":"https:\/\/icaourense.gal\/gl\/wp-json\/wp\/v2\/posts\/1281\/revisions\/1285"}],"wp:featuredmedia":[{"embeddable":true,"href":"https:\/\/icaourense.gal\/gl\/wp-json\/wp\/v2\/media\/1282"}],"wp:attachment":[{"href":"https:\/\/icaourense.gal\/gl\/wp-json\/wp\/v2\/media?parent=1281"}],"wp:term":[{"taxonomy":"category","embeddable":true,"href":"https:\/\/icaourense.gal\/gl\/wp-json\/wp\/v2\/categories?post=1281"},{"taxonomy":"post_tag","embeddable":true,"href":"https:\/\/icaourense.gal\/gl\/wp-json\/wp\/v2\/tags?post=1281"}],"curies":[{"name":"wp","href":"https:\/\/api.w.org\/{rel}","templated":true}]}}