{"id":1257,"date":"2025-11-15T20:27:13","date_gmt":"2025-11-15T19:27:13","guid":{"rendered":"https:\/\/icaourense.gal\/?p=1257"},"modified":"2025-11-15T20:35:23","modified_gmt":"2025-11-15T19:35:23","slug":"reunion-institucional-entre-o-ilustre-colexio-da-avogacia-de-ourense-e-a-deputacion-provincial","status":"publish","type":"post","link":"https:\/\/icaourense.gal\/gl\/reunion-institucional-entre-o-ilustre-colexio-da-avogacia-de-ourense-e-a-deputacion-provincial\/","title":{"rendered":"Xuntanza institucional entre o Ilustre Colexio da Avogac\u00eda de Ourense e a Deputaci\u00f3n Provincial"},"content":{"rendered":"<p class=\"translation-block\">A <strong>Decana do Ilustre Colexio da Avogac\u00eda de Ourense, Mareta G\u00f3mez<\/strong>, a <strong>Vicedecana, Margarita Caneiro<\/strong>, e a <strong>Vogal Segunda, Concepci\u00f3n G\u00f3mez P\u00e9rez-Selas<\/strong>, mantiveron unha reuni\u00f3n institucional co <strong>Presidente da Deputaci\u00f3n de Ourense, Luis Menor<\/strong>.<\/p>\n\n\n\n<p class=\"translation-block\">Durante o encontro, ambas instituci\u00f3ns abordaron a posibilidade de establecer un <strong>convenio de colaboraci\u00f3n para a xesti\u00f3n e resposta xur\u00eddica en situaci\u00f3ns de emerxencia<\/strong>, especialmente en contextos como os <strong>lumes forestais<\/strong>, que afectan de maneira recorrente \u00e1 provincia.<\/p>\n\n\n\n<figure class=\"wp-block-image size-large is-resized\"><img loading=\"lazy\" decoding=\"async\" width=\"768\" height=\"1024\" src=\"https:\/\/icaourense.gal\/wp-content\/uploads\/2025\/11\/WhatsApp-Image-2025-11-15-at-20.31.14-1-768x1024.jpeg\" alt=\"\" class=\"wp-image-1261\" style=\"width:666px;height:auto\" srcset=\"https:\/\/icaourense.gal\/wp-content\/uploads\/2025\/11\/WhatsApp-Image-2025-11-15-at-20.31.14-1-768x1024.jpeg 768w, https:\/\/icaourense.gal\/wp-content\/uploads\/2025\/11\/WhatsApp-Image-2025-11-15-at-20.31.14-1-225x300.jpeg 225w, https:\/\/icaourense.gal\/wp-content\/uploads\/2025\/11\/WhatsApp-Image-2025-11-15-at-20.31.14-1-1152x1536.jpeg 1152w, https:\/\/icaourense.gal\/wp-content\/uploads\/2025\/11\/WhatsApp-Image-2025-11-15-at-20.31.14-1-9x12.jpeg 9w, https:\/\/icaourense.gal\/wp-content\/uploads\/2025\/11\/WhatsApp-Image-2025-11-15-at-20.31.14-1-45x60.jpeg 45w, https:\/\/icaourense.gal\/wp-content\/uploads\/2025\/11\/WhatsApp-Image-2025-11-15-at-20.31.14-1.jpeg 1200w\" sizes=\"auto, (max-width: 768px) 100vw, 768px\" \/><\/figure>\n\n\n\n<p class=\"translation-block\">As\u00ed mesmo, tratouse o proceso de <strong>comarcalizaci\u00f3n<\/strong> e o seu impacto no servizo p\u00fablico de xustiza, as\u00ed como diversas cuesti\u00f3ns de interese para a provincia vinculadas ao exercicio profesional da avogac\u00eda.<br>Por \u00faltimo, a representaci\u00f3n colexial trasladoulle ao Presidente as <strong>principais reivindicaci\u00f3ns do Turno de Oficio<\/strong>, subli\u00f1ando a necesidade de reforzar os medios e recursos destinados a garantir un servizo esencial para a cidadan\u00eda e para a defesa dos dereitos fundamentais.<\/p>\n\n\n\n<p class=\"translation-block\">O encontro desenvolveuse nun clima de <strong>colaboraci\u00f3n institucional<\/strong>, asentando as bases para futuras li\u00f1as de traballo conxunto en beneficio do colectivo profesional e de toda a cidadan\u00eda ourens\u00e1.<\/p>","protected":false},"excerpt":{"rendered":"<p>A&nbsp;Decana do Ilustre Colexio da Avogac\u00eda de Ourense, Mareta G\u00f3mez, a&nbsp;Vicedecana, Margarita Caneiro, e a&nbsp;Vogal Segunda, Concepci\u00f3n G\u00f3mez P\u00e9rez-Selas, mantiveron unha reuni\u00f3n institucional co&nbsp;Presidente da Deputaci\u00f3n de Ourense, Luis Menor. Durante o encontro, ambas instituci\u00f3ns abordaron a posibilidade de establecer un&nbsp;convenio de colaboraci\u00f3n para a xesti\u00f3n e resposta xur\u00eddica en situaci\u00f3ns de emerxencia, especialmente en &hellip; <\/p>","protected":false},"author":1,"featured_media":1260,"comment_status":"closed","ping_status":"closed","sticky":false,"template":"","format":"standard","meta":{"footnotes":""},"categories":[1],"tags":[],"class_list":["post-1257","post","type-post","status-publish","format-standard","has-post-thumbnail","hentry","category-sin-categoria"],"_links":{"self":[{"href":"https:\/\/icaourense.gal\/gl\/wp-json\/wp\/v2\/posts\/1257","targetHints":{"allow":["GET"]}}],"collection":[{"href":"https:\/\/icaourense.gal\/gl\/wp-json\/wp\/v2\/posts"}],"about":[{"href":"https:\/\/icaourense.gal\/gl\/wp-json\/wp\/v2\/types\/post"}],"author":[{"embeddable":true,"href":"https:\/\/icaourense.gal\/gl\/wp-json\/wp\/v2\/users\/1"}],"replies":[{"embeddable":true,"href":"https:\/\/icaourense.gal\/gl\/wp-json\/wp\/v2\/comments?post=1257"}],"version-history":[{"count":3,"href":"https:\/\/icaourense.gal\/gl\/wp-json\/wp\/v2\/posts\/1257\/revisions"}],"predecessor-version":[{"id":1263,"href":"https:\/\/icaourense.gal\/gl\/wp-json\/wp\/v2\/posts\/1257\/revisions\/1263"}],"wp:featuredmedia":[{"embeddable":true,"href":"https:\/\/icaourense.gal\/gl\/wp-json\/wp\/v2\/media\/1260"}],"wp:attachment":[{"href":"https:\/\/icaourense.gal\/gl\/wp-json\/wp\/v2\/media?parent=1257"}],"wp:term":[{"taxonomy":"category","embeddable":true,"href":"https:\/\/icaourense.gal\/gl\/wp-json\/wp\/v2\/categories?post=1257"},{"taxonomy":"post_tag","embeddable":true,"href":"https:\/\/icaourense.gal\/gl\/wp-json\/wp\/v2\/tags?post=1257"}],"curies":[{"name":"wp","href":"https:\/\/api.w.org\/{rel}","templated":true}]}}