{"id":1230,"date":"2025-10-25T17:11:55","date_gmt":"2025-10-25T15:11:55","guid":{"rendered":"https:\/\/icaourense.gal\/?p=1230"},"modified":"2025-10-25T17:19:15","modified_gmt":"2025-10-25T15:19:15","slug":"san-martino-2025-programa-de-actos","status":"publish","type":"post","link":"https:\/\/icaourense.gal\/gl\/san-martino-2025-programa-de-actos\/","title":{"rendered":"San Marti\u00f1o 2025 &#8211; Programa de Actos"},"content":{"rendered":"<p class=\"translation-block\">Este Ilustre Colexio da Avogac\u00eda celebrar\u00e1 os actos do seu patrono, San Marti\u00f1o, o vindeiro <strong>14 de novembro<\/strong>, dacordo co siguiente programa:<\/p>\n\n\n\n<ul class=\"wp-block-list\">\n<li class=\"translation-block\"><strong>12:00 h.<\/strong> Acto de <strong>novas xuras<\/strong><\/li>\n\n\n\n<li><strong>12:20 h. Bienvenida<\/strong> a los nuevos colegiados y a las nuevas colegiadas\n<ul class=\"wp-block-list\">\n<li>Dna. Marta G\u00f3mez \u00c1lvarez, decana del ICA Ourense.<\/li>\n\n\n\n<li>D\u00f1a. Luc\u00eda \u00c1lvarez Lorenzo, presidenta de la Agrupaci\u00f3n Avogac\u00eda Nova.<\/li>\n\n\n\n<li>D. Nemesio Barxa \u00c1lvarez, abogado.<\/li>\n<\/ul>\n<\/li>\n\n\n\n<li><strong>13:30 h. <\/strong><strong>\u00c1gape de confraternidad<\/strong><\/li>\n\n\n\n<li><strong>19:00 h.<\/strong> <strong>Entrega de insignias de plata y diploma conmemorativo<\/strong> a letrados y letradas que cumplen 25 a\u00f1os de profesi\u00f3n:\n<ul class=\"wp-block-list\">\n<li>D.\u00aa Ana Cardero Cid<\/li>\n\n\n\n<li>D.\u00aa Carmen Mar\u00eda Rodr\u00edguez V\u00e1zquez<\/li>\n\n\n\n<li>D.\u00aa Eva Mar\u00eda Ya\u00f1ez Fern\u00e1ndez<\/li>\n\n\n\n<li>D.\u00aa Marta L\u00f3pez L\u00f3pez<\/li>\n\n\n\n<li>D. Luis Serna Nacher<\/li>\n\n\n\n<li>D. Adolfo Diz Dom\u00ednguez<\/li>\n\n\n\n<li>D. Jaime Benito Guti\u00e9rrez<\/li>\n\n\n\n<li>D.\u00aa Irene Rodr\u00edguez P\u00e9rez<\/li>\n\n\n\n<li>D. H\u00e9ctor Pereiras \u00c1lvarez<\/li>\n\n\n\n<li>D. Jos\u00e9 Ricardo Orb\u00e1n Moreno<\/li>\n\n\n\n<li>D. Jos\u00e9 Manuel Orb\u00e1n Moreno<\/li>\n<\/ul>\n<\/li>\n<\/ul>\n\n\n\n<ul class=\"wp-block-list\">\n<li><strong>19:30 h. <\/strong><strong>Conferencia institucional<\/strong>\n<ul class=\"wp-block-list\">\n<li>Dna. Ana Mar\u00eda del Carmen Blanco Arce, presidenta da Audiencia Provincial de Ourense, en nome do presidente do Tribunal Superior de Xustiza de Galicia, Ignacio Picatoste Sueiras.<\/li>\n<\/ul>\n<\/li>\n\n\n\n<li class=\"translation-block\"><strong>21:30 h. Cea de gala<\/strong>. Pazo de San Dami\u00e1n<\/li>\n<\/ul>","protected":false},"excerpt":{"rendered":"<p class=\"translation-block\">Este Ilustre Colexio da Avogac\u00eda celebrar\u00e1 os actos do seu patrono, San Marti\u00f1o, o vindeiro <strong>14 de novembro<\/strong>, dacordo co siguiente programa:<\/p>","protected":false},"author":1,"featured_media":1231,"comment_status":"closed","ping_status":"closed","sticky":false,"template":"","format":"standard","meta":{"footnotes":""},"categories":[1],"tags":[],"class_list":["post-1230","post","type-post","status-publish","format-standard","has-post-thumbnail","hentry","category-sin-categoria"],"_links":{"self":[{"href":"https:\/\/icaourense.gal\/gl\/wp-json\/wp\/v2\/posts\/1230","targetHints":{"allow":["GET"]}}],"collection":[{"href":"https:\/\/icaourense.gal\/gl\/wp-json\/wp\/v2\/posts"}],"about":[{"href":"https:\/\/icaourense.gal\/gl\/wp-json\/wp\/v2\/types\/post"}],"author":[{"embeddable":true,"href":"https:\/\/icaourense.gal\/gl\/wp-json\/wp\/v2\/users\/1"}],"replies":[{"embeddable":true,"href":"https:\/\/icaourense.gal\/gl\/wp-json\/wp\/v2\/comments?post=1230"}],"version-history":[{"count":6,"href":"https:\/\/icaourense.gal\/gl\/wp-json\/wp\/v2\/posts\/1230\/revisions"}],"predecessor-version":[{"id":1237,"href":"https:\/\/icaourense.gal\/gl\/wp-json\/wp\/v2\/posts\/1230\/revisions\/1237"}],"wp:featuredmedia":[{"embeddable":true,"href":"https:\/\/icaourense.gal\/gl\/wp-json\/wp\/v2\/media\/1231"}],"wp:attachment":[{"href":"https:\/\/icaourense.gal\/gl\/wp-json\/wp\/v2\/media?parent=1230"}],"wp:term":[{"taxonomy":"category","embeddable":true,"href":"https:\/\/icaourense.gal\/gl\/wp-json\/wp\/v2\/categories?post=1230"},{"taxonomy":"post_tag","embeddable":true,"href":"https:\/\/icaourense.gal\/gl\/wp-json\/wp\/v2\/tags?post=1230"}],"curies":[{"name":"wp","href":"https:\/\/api.w.org\/{rel}","templated":true}]}}