{"id":1202,"date":"2025-10-18T16:30:15","date_gmt":"2025-10-18T14:30:15","guid":{"rendered":"https:\/\/icaourense.gal\/?p=1202"},"modified":"2025-10-19T14:15:04","modified_gmt":"2025-10-19T12:15:04","slug":"1202-2","status":"publish","type":"post","link":"https:\/\/icaourense.gal\/gl\/1202-2\/","title":{"rendered":"Fernando Ala\u00f1\u00f3n analizou no Foro La Regi\u00f3n os retos da Xustiza actual, con presencia do ICA Ourense"},"content":{"rendered":"<p class=\"translation-block\"><strong>A xustiza hoxe en Espa\u00f1a: cara a onde se encami\u00f1a?<\/strong> foi o eixo dun novo <strong>Foro La Regi\u00f3n<\/strong> protagonizado por <strong>Fernando Ala\u00f1\u00f3n<\/strong>, maxistrado da Sala Civil e Penal do TSXG e expresidente da Audiencia Provincial de Ourense. A cita reuniu a destacadas personalidades do eido xudicial, pol\u00edtico, empresarial e universitario da cidade.<\/p>\n\n\n\n<p>La <strong>Junta de Gobierno del ICA Ourense<\/strong> estuvo presente y fue <strong>representada por la compa\u00f1era Pilar Pazos<\/strong>.<\/p>\n\n\n\n<p class=\"translation-block\">Durante a s\u00faa intervenci\u00f3n, <strong>Ala\u00f1\u00f3n<\/strong> analizou os retos actuais do sistema xudicial e subli\u00f1ou ideas como a <strong>necesidade de independencia xudicial<\/strong>, a <strong>eficiencia organizativa<\/strong> e o desaf\u00edo do <strong>relevo xeracional<\/strong> ante as xubilaci\u00f3ns previstas na pr\u00f3xima d\u00e9cada. O maxistrado advertiu das carencias estruturais e insistiu en que a xustiza debe \u201cser independente e tam\u00e9n parecelo\u201d, nun contexto que esixe reformas e planificaci\u00f3n dos recursos humanos.<\/p>\n\n\n\n<p class=\"translation-block\">O Foro, que combinou conferencia e coloquio, serviu para <strong>promover o debate p\u00fablico informado<\/strong> sobre o presente e o futuro da Xustiza. A asistencia de membros da Xunta de Goberno do ICA Ourense amosa o compromiso deste Colexio cos espazos de reflexi\u00f3n profesional e co fortalecemento institucional.<\/p>","protected":false},"excerpt":{"rendered":"<p>La justicia hoy en Espa\u00f1a: \u00bfhacia d\u00f3nde se encamina? fue el eje de un nuevo Foro La Regi\u00f3n protagonizado por Fernando Ala\u00f1\u00f3n, magistrado de la Sala Civil y Penal del TSXG y expresidente de la Audiencia Provincial de Ourense. La cita reuni\u00f3 a destacadas personalidades del \u00e1mbito judicial, pol\u00edtico, empresarial y universitario de la ciudad. &hellip; <\/p>","protected":false},"author":1,"featured_media":1203,"comment_status":"closed","ping_status":"closed","sticky":false,"template":"","format":"standard","meta":{"footnotes":""},"categories":[1],"tags":[],"class_list":["post-1202","post","type-post","status-publish","format-standard","has-post-thumbnail","hentry","category-sin-categoria"],"_links":{"self":[{"href":"https:\/\/icaourense.gal\/gl\/wp-json\/wp\/v2\/posts\/1202","targetHints":{"allow":["GET"]}}],"collection":[{"href":"https:\/\/icaourense.gal\/gl\/wp-json\/wp\/v2\/posts"}],"about":[{"href":"https:\/\/icaourense.gal\/gl\/wp-json\/wp\/v2\/types\/post"}],"author":[{"embeddable":true,"href":"https:\/\/icaourense.gal\/gl\/wp-json\/wp\/v2\/users\/1"}],"replies":[{"embeddable":true,"href":"https:\/\/icaourense.gal\/gl\/wp-json\/wp\/v2\/comments?post=1202"}],"version-history":[{"count":4,"href":"https:\/\/icaourense.gal\/gl\/wp-json\/wp\/v2\/posts\/1202\/revisions"}],"predecessor-version":[{"id":1214,"href":"https:\/\/icaourense.gal\/gl\/wp-json\/wp\/v2\/posts\/1202\/revisions\/1214"}],"wp:featuredmedia":[{"embeddable":true,"href":"https:\/\/icaourense.gal\/gl\/wp-json\/wp\/v2\/media\/1203"}],"wp:attachment":[{"href":"https:\/\/icaourense.gal\/gl\/wp-json\/wp\/v2\/media?parent=1202"}],"wp:term":[{"taxonomy":"category","embeddable":true,"href":"https:\/\/icaourense.gal\/gl\/wp-json\/wp\/v2\/categories?post=1202"},{"taxonomy":"post_tag","embeddable":true,"href":"https:\/\/icaourense.gal\/gl\/wp-json\/wp\/v2\/tags?post=1202"}],"curies":[{"name":"wp","href":"https:\/\/api.w.org\/{rel}","templated":true}]}}