{"id":1114,"date":"2025-09-27T16:17:08","date_gmt":"2025-09-27T14:17:08","guid":{"rendered":"https:\/\/icaourense.gal\/?p=1114"},"modified":"2025-09-27T16:18:15","modified_gmt":"2025-09-27T14:18:15","slug":"la-abogacia-ourensana-se-moviliza-en-madrid-en-defensa-de-sus-derechos-laborales","status":"publish","type":"post","link":"https:\/\/icaourense.gal\/gl\/la-abogacia-ourensana-se-moviliza-en-madrid-en-defensa-de-sus-derechos-laborales\/","title":{"rendered":"La abogac\u00eda ourensana se moviliza en Madrid en defensa de sus derechos laborales"},"content":{"rendered":"<h2 class=\"wp-block-heading\"><\/h2>\n\n\n\n<p>Representantes de la abogac\u00eda ourensana participaron este s\u00e1bado en una movilizaci\u00f3n hist\u00f3rica que reuni\u00f3 a m\u00e1s de 30.000 profesionales de toda Espa\u00f1a en el centro de Madrid. Abogados\/as, procuradores\/as y otros profesionales como, arquitectos\/as e ingenieros\/as marcharon desde la Gran V\u00eda hasta el Congreso de los Diputados para exigir una soluci\u00f3n justa a la situaci\u00f3n de las mutualidades profesionales.<\/p>\n\n\n\n<p>Bajo el lema <strong>\u201cNo pedimos privilegios, pedimos justicia e igualdad\u201d<\/strong>, la manifestaci\u00f3n reclam\u00f3 la aprobaci\u00f3n de la <strong>Pasarela 1&#215;1 al RETA<\/strong>, que permitir\u00eda a los mutualistas integrarse en el R\u00e9gimen Especial de Trabajadores Aut\u00f3nomos en condiciones de equidad.<\/p>\n\n\n\n<p>Durante el recorrido, los participantes expresaron su malestar con pancartas, consignas y diferentes acciones simb\u00f3licas, como un minuto de silencio, una tumbada colectiva en plena calle y una pitada un\u00e1nime frente a la sede parlamentaria. La elecci\u00f3n del Congreso como punto final de la protesta tuvo como objetivo trasladar un mensaje claro a los representantes pol\u00edticos: <strong>poner fin a los bloqueos legislativos que han retrasado la aprobaci\u00f3n de la norma.<\/strong><\/p>\n\n\n\n<p>Esta movilizaci\u00f3n no ser\u00e1 la \u00faltima, abogados y abogadas mantendr\u00e1n una presi\u00f3n sostenida hasta lograr una soluci\u00f3n definitiva a la falta de derechos laborales y de una pensi\u00f3n de jubilaci\u00f3n digna tras d\u00e9cadas cotizando.<\/p>\n\n\n\n<p>La presencia de la abogac\u00eda ourensana en Madrid reafirma el compromiso del colectivo y del Ilustre Colexio da Avogac\u00eda de Ourense con la defensa de los <strong>derechos laborales de todos los abogados y abogadas<\/strong>, y con la consecuci\u00f3n de un sistema m\u00e1s justo e igualitario.<\/p>","protected":false},"excerpt":{"rendered":"<p>Representantes de la abogac\u00eda ourensana participaron este s\u00e1bado en una movilizaci\u00f3n hist\u00f3rica que reuni\u00f3 a m\u00e1s de 30.000 profesionales de toda Espa\u00f1a en el centro de Madrid. Abogados\/as, procuradores\/as y otros profesionales como, arquitectos\/as e ingenieros\/as marcharon desde la Gran V\u00eda hasta el Congreso de los Diputados para exigir una soluci\u00f3n justa a la situaci\u00f3n &hellip; <\/p>","protected":false},"author":1,"featured_media":1115,"comment_status":"closed","ping_status":"closed","sticky":false,"template":"","format":"standard","meta":{"footnotes":""},"categories":[16],"tags":[],"class_list":["post-1114","post","type-post","status-publish","format-standard","has-post-thumbnail","hentry","category-profesion"],"_links":{"self":[{"href":"https:\/\/icaourense.gal\/gl\/wp-json\/wp\/v2\/posts\/1114","targetHints":{"allow":["GET"]}}],"collection":[{"href":"https:\/\/icaourense.gal\/gl\/wp-json\/wp\/v2\/posts"}],"about":[{"href":"https:\/\/icaourense.gal\/gl\/wp-json\/wp\/v2\/types\/post"}],"author":[{"embeddable":true,"href":"https:\/\/icaourense.gal\/gl\/wp-json\/wp\/v2\/users\/1"}],"replies":[{"embeddable":true,"href":"https:\/\/icaourense.gal\/gl\/wp-json\/wp\/v2\/comments?post=1114"}],"version-history":[{"count":1,"href":"https:\/\/icaourense.gal\/gl\/wp-json\/wp\/v2\/posts\/1114\/revisions"}],"predecessor-version":[{"id":1116,"href":"https:\/\/icaourense.gal\/gl\/wp-json\/wp\/v2\/posts\/1114\/revisions\/1116"}],"wp:featuredmedia":[{"embeddable":true,"href":"https:\/\/icaourense.gal\/gl\/wp-json\/wp\/v2\/media\/1115"}],"wp:attachment":[{"href":"https:\/\/icaourense.gal\/gl\/wp-json\/wp\/v2\/media?parent=1114"}],"wp:term":[{"taxonomy":"category","embeddable":true,"href":"https:\/\/icaourense.gal\/gl\/wp-json\/wp\/v2\/categories?post=1114"},{"taxonomy":"post_tag","embeddable":true,"href":"https:\/\/icaourense.gal\/gl\/wp-json\/wp\/v2\/tags?post=1114"}],"curies":[{"name":"wp","href":"https:\/\/api.w.org\/{rel}","templated":true}]}}