{"id":1069,"date":"2025-09-22T15:54:04","date_gmt":"2025-09-22T13:54:04","guid":{"rendered":"https:\/\/icaourense.gal\/?p=1069"},"modified":"2025-09-22T16:47:14","modified_gmt":"2025-09-22T14:47:14","slug":"la-decana-del-ica-ourense-marta-gomez-alvarez-alerta-en-la-ser-sobre-la-grave-situacion-de-las-mutualidades-y-el-turno-de-oficio","status":"publish","type":"post","link":"https:\/\/icaourense.gal\/gl\/la-decana-del-ica-ourense-marta-gomez-alvarez-alerta-en-la-ser-sobre-la-grave-situacion-de-las-mutualidades-y-el-turno-de-oficio\/","title":{"rendered":"A decana do ICA Ourense, Marta G\u00f3mez, alerta na SER sobre a grave situaci\u00f3n da mutualidade e da quenda de oficio"},"content":{"rendered":"<p class=\"translation-block\">Ourense, 22 de setembro de 2025. \u2013 A decana do Ilustre Colexio da Avogac\u00eda de Ourense, <strong>Marta G\u00f3mez \u00c1lvarez<\/strong>, foi entrevistada na Cadena SER, onde sinalou que a avogac\u00eda ourens\u00e1 afronta dous retos urxentes: <strong>a problem\u00e1tica da mutualidade<\/strong> e a crecente presi\u00f3n sobre a <strong>quenda de oficio<\/strong>.<\/p>\n\n\n\n<p class=\"translation-block\">En relaci\u00f3n coas mutualidades, G\u00f3mez \u00c1lvarez lembrou que o vindeiro <strong>s\u00e1bado 27 de setembro<\/strong> celebrarase en Madrid unha <strong>manifestaci\u00f3n de todos os mutualistas afectados de Espa\u00f1a, non s\u00f3 avogados\/as e procuradores\/as<\/strong>, coincidindo coa tramitaci\u00f3n no Congreso dos Deputados da pasarela ao RETA.<\/p>\n\n\n\n<p>\u201cSent\u00edmonos enganados polos nosos, porque se nos retirou o dereito a unha prestaci\u00f3n social na xubilaci\u00f3n e obrig\u00e1ronnos a pasar a unha especie de plan de pensi\u00f3ns dependente das fluctuaci\u00f3ns do mercado\u201d, denunciou. \u201cUnha persoa con m\u00e1is de 40 anos cotizados non pode ter que conformarse cunha pensi\u00f3n de 300 ou 400 euros. Reclamamos unha integraci\u00f3n real no RETA, co reco\u00f1ecemento das bases e dos anos cotizados, como calquera outro traballador\u201d, engadiu.<\/p>\n\n\n\n<p>A decana amosou especial preocupaci\u00f3n polos avogados\/as xa xubilados\/as, que perciben prestaci\u00f3ns \u201cinsuficientes para levar unha vida digna\u201d.<\/p>\n\n\n\n<h3 class=\"wp-block-heading\">A quenda de oficio en Ourense<\/h3>\n\n\n\n<p class=\"translation-block\">Outro dos temas abordados na entrevista foi o <strong>turno de oficio<\/strong>, que en Ourense afecta a un n\u00famero importante dos\/as <strong>658 avogados\/as exercentes<\/strong> dos case <strong>1.400 colexiados\/as<\/strong> cos que conta a provincia.<\/p>\n\n\n\n<p class=\"translation-block\">A\u00ednda que a obriga legal \u00e9 que todos\/as os\/as letrados\/as o cubran, actualmente est\u00e1 a sosterse grazas \u00e1 <strong>voluntariedade dos\/das profesionais<\/strong>.<\/p>\n\n\n\n<p>\u201cA demanda de avogados\/as de quenda de oficio aumentou de forma exponencial nos \u00faltimos meses, e vimos trasladando esta preocupaci\u00f3n \u00e1s autoridades xudiciais e aos corpos e forzas de seguridade\u201d, subli\u00f1ou G\u00f3mez \u00c1lvarez.<\/p>\n\n\n\n<p class=\"translation-block\">Con estas declaraci\u00f3ns, a decana puxo en evidencia a necesidade de <strong>garantir os dereitos sociais e profesionais da avogac\u00eda<\/strong>, reclamando medidas urxentes que aseguren tanto unha xubilaci\u00f3n digna como a sustentabilidade da quenda de oficio.<\/p>\n\n\n\n<p><a href=\"https:\/\/cadenaser.com\/audio\/cadenaser_ourense_hoyporhoyourense_20250922_122500_140000\/\" data-type=\"link\" data-id=\"https:\/\/cadenaser.com\/audio\/cadenaser_ourense_hoyporhoyourense_20250922_122500_140000\/\">Entrevista completa (minuto 10:16)<\/a><\/p>\n\n\n\n<p><\/p>","protected":false},"excerpt":{"rendered":"<p>Ourense, 22 de septiembre de 2025. \u2013 La decana del Ilustre Colexio da Avogac\u00eda de Ourense, Marta G\u00f3mez \u00c1lvarez, fue entrevistada en la Cadena SER, donde se\u00f1al\u00f3 que la abogac\u00eda ourensana afronta dos retos urgentes: la problem\u00e1tica de la mutualidad y la creciente presi\u00f3n sobre el turno de oficio. En relaci\u00f3n con las mutualidades, G\u00f3mez &hellip; <\/p>","protected":false},"author":1,"featured_media":1072,"comment_status":"closed","ping_status":"closed","sticky":false,"template":"","format":"standard","meta":{"footnotes":""},"categories":[1],"tags":[],"class_list":["post-1069","post","type-post","status-publish","format-standard","has-post-thumbnail","hentry","category-sin-categoria"],"_links":{"self":[{"href":"https:\/\/icaourense.gal\/gl\/wp-json\/wp\/v2\/posts\/1069","targetHints":{"allow":["GET"]}}],"collection":[{"href":"https:\/\/icaourense.gal\/gl\/wp-json\/wp\/v2\/posts"}],"about":[{"href":"https:\/\/icaourense.gal\/gl\/wp-json\/wp\/v2\/types\/post"}],"author":[{"embeddable":true,"href":"https:\/\/icaourense.gal\/gl\/wp-json\/wp\/v2\/users\/1"}],"replies":[{"embeddable":true,"href":"https:\/\/icaourense.gal\/gl\/wp-json\/wp\/v2\/comments?post=1069"}],"version-history":[{"count":6,"href":"https:\/\/icaourense.gal\/gl\/wp-json\/wp\/v2\/posts\/1069\/revisions"}],"predecessor-version":[{"id":1077,"href":"https:\/\/icaourense.gal\/gl\/wp-json\/wp\/v2\/posts\/1069\/revisions\/1077"}],"wp:featuredmedia":[{"embeddable":true,"href":"https:\/\/icaourense.gal\/gl\/wp-json\/wp\/v2\/media\/1072"}],"wp:attachment":[{"href":"https:\/\/icaourense.gal\/gl\/wp-json\/wp\/v2\/media?parent=1069"}],"wp:term":[{"taxonomy":"category","embeddable":true,"href":"https:\/\/icaourense.gal\/gl\/wp-json\/wp\/v2\/categories?post=1069"},{"taxonomy":"post_tag","embeddable":true,"href":"https:\/\/icaourense.gal\/gl\/wp-json\/wp\/v2\/tags?post=1069"}],"curies":[{"name":"wp","href":"https:\/\/api.w.org\/{rel}","templated":true}]}}