{"id":1050,"date":"2025-09-17T10:25:30","date_gmt":"2025-09-17T08:25:30","guid":{"rendered":"https:\/\/icaourense.gal\/?p=1050"},"modified":"2025-09-19T11:14:44","modified_gmt":"2025-09-19T09:14:44","slug":"gran-manifestacion-en-madrid-el-27-de-septiembre-la-abogacia-y-la-procura-se-movilizan-por-sus-derechos-laborales","status":"publish","type":"post","link":"https:\/\/icaourense.gal\/gl\/gran-manifestacion-en-madrid-el-27-de-septiembre-la-abogacia-y-la-procura-se-movilizan-por-sus-derechos-laborales\/","title":{"rendered":"Gran manifestaci\u00f3n en Madrid el 27 de septiembre: la abogac\u00eda y la procura se movilizan por sus derechos laborales"},"content":{"rendered":"<p class=\"translation-block\">O pr\u00f3ximo <strong>s\u00e1bado 27 de setembro, \u00e1s 11:30 horas<\/strong>, ter\u00e1 lugar en <strong>Gran V\u00eda (Madrid)<\/strong> unha <strong>gran manifestaci\u00f3n<\/strong> na que <strong>avogados, avogadas e procuradores e procuradoras de toda Espa\u00f1a<\/strong> se mobilizar\u00e1n para <strong>defender os seus dereitos laborais<\/strong>. A convocatoria aspira a visibilizar as condici\u00f3ns nas que exercen estes profesionais e a reclamar melloras que garanticen un exercicio digno e sostible da profesi\u00f3n.<\/p>\n\n\n\n<p class=\"translation-block\">En apoio \u00e1 participaci\u00f3n da avogac\u00eda ourens\u00e1, o <strong>Ilustre Colexio da Avogac\u00eda de Ourense (ICA Ourense)<\/strong> <strong>conceder\u00e1 axudas para o desprazamento<\/strong>. As <strong>solicitudes deben enviarse por correo electr\u00f3nico a<\/strong>: <strong><a target=\"_self\">secretaria@icaourense.gal<\/a><\/strong>.<\/p>\n\n\n\n<h2 class=\"wp-block-heading\">Unha reivindicaci\u00f3n de alcance estatal<\/h2>\n\n\n\n<p class=\"translation-block\">A marcha reunir\u00e1 a profesionais de toda Espa\u00f1a para <strong>reclamar condici\u00f3ns laborais xustas<\/strong>, reco\u00f1ecemento efectivo do desempe\u00f1o diario e medidas que garantan a <strong>sustentabilidade econ\u00f3mica e persoal<\/strong> do exercicio.<\/p>\n\n\n\n<h2 class=\"wp-block-heading\">Chamamento \u00e1 participaci\u00f3n<\/h2>\n\n\n\n<p class=\"translation-block\">O ICA Ourense <strong>anima a todos os colexiados e a todas as colexiadas<\/strong> a sumarse \u00e1 manifestaci\u00f3n e a <strong>formalizar a s\u00faa solicitude de axuda de desprazamento<\/strong> coa <strong>maior antelaci\u00f3n posible<\/strong>. A participaci\u00f3n masiva <strong>fortalece a voz colectiva<\/strong> da profesi\u00f3n en defensa dos <strong>dereitos laborais<\/strong> e dun <strong>servizo de xustiza de calidade<\/strong> para a cidadan\u00eda.<\/p>\n\n\n\n<h2 class=\"wp-block-heading\">Apoio do ICA Ourense<\/h2>\n\n\n\n<p>Con el fin de facilitar la asistencia, el ICA Ourense <strong>habilita ayudas de viaje<\/strong> para colegiados\/as en desplazarse hasta Madrid el mismo d\u00eda de la concentraci\u00f3n. <\/p>\n\n\n\n<ul class=\"wp-block-list\">\n<li class=\"translation-block\"><strong>Como solicitar a axuda<\/strong>: remitir un correo a <strong><a target=\"_self\">secretaria@icaourense.gal<\/a><\/strong> indicando a <strong>intenci\u00f3n de participar<\/strong> na manifestaci\u00f3n.<\/li>\n<\/ul>\n\n\n\n<figure class=\"wp-block-image size-large\"><img loading=\"lazy\" decoding=\"async\" width=\"719\" height=\"1024\" src=\"https:\/\/icaourense.gal\/wp-content\/uploads\/2025\/09\/unnamed-2-719x1024.jpg\" alt=\"\" class=\"wp-image-1056\" srcset=\"https:\/\/icaourense.gal\/wp-content\/uploads\/2025\/09\/unnamed-2-719x1024.jpg 719w, https:\/\/icaourense.gal\/wp-content\/uploads\/2025\/09\/unnamed-2-211x300.jpg 211w, https:\/\/icaourense.gal\/wp-content\/uploads\/2025\/09\/unnamed-2-768x1094.jpg 768w, https:\/\/icaourense.gal\/wp-content\/uploads\/2025\/09\/unnamed-2-8x12.jpg 8w, https:\/\/icaourense.gal\/wp-content\/uploads\/2025\/09\/unnamed-2-42x60.jpg 42w, https:\/\/icaourense.gal\/wp-content\/uploads\/2025\/09\/unnamed-2.jpg 988w\" sizes=\"auto, (max-width: 719px) 100vw, 719px\" \/><\/figure>\n\n\n\n<p><\/p>","protected":false},"excerpt":{"rendered":"<p>El pr\u00f3ximo s\u00e1bado 27 de septiembre, a las 11:30 horas, tendr\u00e1 lugar en\u00a0Gran V\u00eda (Madrid)\u00a0una\u00a0gran manifestaci\u00f3n\u00a0en la que\u00a0abogados, abogadas y procuradores y procuradoras de toda Espa\u00f1a\u00a0se movilizar\u00e1n para\u00a0defender sus derechos laborales. La convocatoria aspira a visibilizar las condiciones en las que ejercen estos profesionales y a reclamar mejoras que garanticen un ejercicio digno y sostenible &hellip; <\/p>","protected":false},"author":1,"featured_media":1048,"comment_status":"closed","ping_status":"closed","sticky":false,"template":"","format":"standard","meta":{"footnotes":""},"categories":[12,16],"tags":[],"class_list":["post-1050","post","type-post","status-publish","format-standard","has-post-thumbnail","hentry","category-noticias","category-profesion"],"_links":{"self":[{"href":"https:\/\/icaourense.gal\/gl\/wp-json\/wp\/v2\/posts\/1050","targetHints":{"allow":["GET"]}}],"collection":[{"href":"https:\/\/icaourense.gal\/gl\/wp-json\/wp\/v2\/posts"}],"about":[{"href":"https:\/\/icaourense.gal\/gl\/wp-json\/wp\/v2\/types\/post"}],"author":[{"embeddable":true,"href":"https:\/\/icaourense.gal\/gl\/wp-json\/wp\/v2\/users\/1"}],"replies":[{"embeddable":true,"href":"https:\/\/icaourense.gal\/gl\/wp-json\/wp\/v2\/comments?post=1050"}],"version-history":[{"count":5,"href":"https:\/\/icaourense.gal\/gl\/wp-json\/wp\/v2\/posts\/1050\/revisions"}],"predecessor-version":[{"id":1065,"href":"https:\/\/icaourense.gal\/gl\/wp-json\/wp\/v2\/posts\/1050\/revisions\/1065"}],"wp:featuredmedia":[{"embeddable":true,"href":"https:\/\/icaourense.gal\/gl\/wp-json\/wp\/v2\/media\/1048"}],"wp:attachment":[{"href":"https:\/\/icaourense.gal\/gl\/wp-json\/wp\/v2\/media?parent=1050"}],"wp:term":[{"taxonomy":"category","embeddable":true,"href":"https:\/\/icaourense.gal\/gl\/wp-json\/wp\/v2\/categories?post=1050"},{"taxonomy":"post_tag","embeddable":true,"href":"https:\/\/icaourense.gal\/gl\/wp-json\/wp\/v2\/tags?post=1050"}],"curies":[{"name":"wp","href":"https:\/\/api.w.org\/{rel}","templated":true}]}}