{"id":1032,"date":"2025-09-12T18:23:46","date_gmt":"2025-09-12T16:23:46","guid":{"rendered":"https:\/\/icaourense.gal\/?p=1032"},"modified":"2025-09-29T13:48:47","modified_gmt":"2025-09-29T11:48:47","slug":"como-prepararnos-juridicamente-para-la-vejez-charlas-en-el-ica-ourense-por-el-dia-mundial-de-las-personas-mayores","status":"publish","type":"post","link":"https:\/\/icaourense.gal\/gl\/como-prepararnos-juridicamente-para-la-vejez-charlas-en-el-ica-ourense-por-el-dia-mundial-de-las-personas-mayores\/","title":{"rendered":"Como prepararnos xuridicamente para a vellez? Charlas no ICA Ourense polo D\u00eda Mundial das Persoas Maiores"},"content":{"rendered":"<p>El pr\u00f3ximo 1 de octubre se celebra el D\u00eda Mundial de las Personas Mayores o Personas de Edad, motivo por el que el <strong>Ilustre Colexio da Avogac\u00eda de Ourense<\/strong>, en colaboraci\u00f3n con la <strong>Asociaci\u00f3n Mulleres +60<\/strong>, organiza el acto: <strong>Planificaci\u00f3n vital: herramientas jur\u00eddicas y sanitarias para la vejez y la discapacidad<\/strong>, dirigido a todos los colegiados y todas las colegiadas, as\u00ed como a cualquier persona interesada en este tema.<\/p>\n\n\n\n<p>\ud83d\udd39 <strong>Inauguraci\u00f3n<\/strong><\/p>\n\n\n\n<ul class=\"wp-block-list\">\n<li class=\"translation-block\"><strong>Victoria Di\u00e9guez<\/strong>, Xunta de Goberno do ICA Ourense<\/li>\n\n\n\n<li class=\"translation-block\"><strong>Mar\u00eda Antonia Rilo<\/strong>, presidenta da Asociaci\u00f3n Mulleres +60<\/li>\n<\/ul>\n\n\n\n<p>\ud83d\udd39 <strong>Programa de conferencias<\/strong><\/p>\n\n\n\n<ul class=\"wp-block-list\">\n<li class=\"translation-block\"><strong>18:10 h.<\/strong> \u2013 <em>Medidas de autoprotecci\u00f3n e prevenci\u00f3n ante posibles situaci\u00f3ns de discapacidade e ancianidade<\/em><br>Ponente: <strong>Mar\u00eda Isabel Louro<\/strong>, Notaria<\/li>\n\n\n\n<li class=\"translation-block\"><strong>18:30 h.<\/strong> \u2013 <em>Aspectos pr\u00e1cticos del Documento de Instruci\u00f3ns Previas<\/em><br>Ponente: <strong>Mar\u00eda Xos\u00e9 V\u00e1zquez<\/strong>, Traballadora Social<\/li>\n<\/ul>\n\n\n\n<p>\ud83d\udd39 <strong>Clausura<\/strong><\/p>\n\n\n\n<ul class=\"wp-block-list\">\n<li><strong>Marta G\u00f3mez<\/strong>, Decana del ICA Ourense<\/li>\n<\/ul>\n\n\n\n<p>\ud83d\udccd <strong>Lugar:<\/strong> Ilustre Colexio da Avogac\u00eda de Ourense<\/p>\n\n\n\n<p>Actividade gratuita<\/p>\n\n\n\n<p><a href=\"http:\/\/icaourense.gal\/wp-content\/uploads\/2025\/09\/1-de-octubre.-Dia-Internacional-de-las-Personas-Mayores-1.pdf\" data-type=\"link\" data-id=\"http:\/\/icaourense.gal\/wp-content\/uploads\/2025\/09\/1-de-octubre.-Dia-Internacional-de-las-Personas-Mayores-1.pdf\">Descargar programa<\/a><\/p>\n\n\n\n<p><\/p>","protected":false},"excerpt":{"rendered":"<p>El pr\u00f3ximo 1 de octubre se celebra el D\u00eda Mundial de las Personas Mayores o Personas de Edad, motivo por el que el Ilustre Colexio da Avogac\u00eda de Ourense, en colaboraci\u00f3n con la Asociaci\u00f3n Mulleres +60, organiza el acto: Planificaci\u00f3n vital: herramientas jur\u00eddicas y sanitarias para la vejez y la discapacidad, dirigido a todos los &hellip; <\/p>","protected":false},"author":1,"featured_media":1036,"comment_status":"closed","ping_status":"closed","sticky":false,"template":"","format":"standard","meta":{"footnotes":""},"categories":[1],"tags":[],"class_list":["post-1032","post","type-post","status-publish","format-standard","has-post-thumbnail","hentry","category-sin-categoria"],"_links":{"self":[{"href":"https:\/\/icaourense.gal\/gl\/wp-json\/wp\/v2\/posts\/1032","targetHints":{"allow":["GET"]}}],"collection":[{"href":"https:\/\/icaourense.gal\/gl\/wp-json\/wp\/v2\/posts"}],"about":[{"href":"https:\/\/icaourense.gal\/gl\/wp-json\/wp\/v2\/types\/post"}],"author":[{"embeddable":true,"href":"https:\/\/icaourense.gal\/gl\/wp-json\/wp\/v2\/users\/1"}],"replies":[{"embeddable":true,"href":"https:\/\/icaourense.gal\/gl\/wp-json\/wp\/v2\/comments?post=1032"}],"version-history":[{"count":3,"href":"https:\/\/icaourense.gal\/gl\/wp-json\/wp\/v2\/posts\/1032\/revisions"}],"predecessor-version":[{"id":1118,"href":"https:\/\/icaourense.gal\/gl\/wp-json\/wp\/v2\/posts\/1032\/revisions\/1118"}],"wp:featuredmedia":[{"embeddable":true,"href":"https:\/\/icaourense.gal\/gl\/wp-json\/wp\/v2\/media\/1036"}],"wp:attachment":[{"href":"https:\/\/icaourense.gal\/gl\/wp-json\/wp\/v2\/media?parent=1032"}],"wp:term":[{"taxonomy":"category","embeddable":true,"href":"https:\/\/icaourense.gal\/gl\/wp-json\/wp\/v2\/categories?post=1032"},{"taxonomy":"post_tag","embeddable":true,"href":"https:\/\/icaourense.gal\/gl\/wp-json\/wp\/v2\/tags?post=1032"}],"curies":[{"name":"wp","href":"https:\/\/api.w.org\/{rel}","templated":true}]}}