{"id":1016,"date":"2025-09-03T15:17:20","date_gmt":"2025-09-03T13:17:20","guid":{"rendered":"https:\/\/icaourense.gal\/?p=1016"},"modified":"2025-09-15T10:06:33","modified_gmt":"2025-09-15T08:06:33","slug":"formacion-catastral-nociones-basicas-de-catastro-para-colegios-profesionales","status":"publish","type":"post","link":"https:\/\/icaourense.gal\/gl\/formacion-catastral-nociones-basicas-de-catastro-para-colegios-profesionales\/","title":{"rendered":"Formaci\u00f3n catastral: noci\u00f3ns b\u00e1sicas de Catastro para colexios profesionais"},"content":{"rendered":"<p class=\"translation-block\">No marco do convenio de colaboraci\u00f3n do Ilustre Colexio da Avogac\u00eda de Ourense coa Xerencia Territorial de Catastro, ofr\u00e9cese \u00e1s colexiadas e aos colexiados a posibilidade de inscrici\u00f3n nun curso en li\u00f1a sobre<strong> \u00abNoci\u00f3ns b\u00e1sicas de Catastro para colexios profesionais\u00bb<\/strong>, a trav\u00e9s da plataforma EDUCAT, dependente de Catastro.<\/p>\n\n\n\n<p>La formaci\u00f3n se desarrollar\u00e1 en el entorno virtual en modalidad abierta, por lo que el alumnado tendr\u00e1 m\u00e1xima flexibilidad en su aprovechamiento, ya que no cuenta con un sistema tutorizado.<\/p>\n\n\n\n<h2 class=\"wp-block-heading\"><strong>Programa<\/strong><\/h2>\n\n\n\n<ul class=\"wp-block-list\">\n<li><a href=\"http:\/\/icaourense.gal\/wp-content\/uploads\/2025\/09\/02_educat_nociones-basicas-catastro-colegios-profesionales_ficha_informa_0.pdf\" data-type=\"link\" data-id=\"http:\/\/icaourense.gal\/wp-content\/uploads\/2025\/09\/02_educat_nociones-basicas-catastro-colegios-profesionales_ficha_informa_0.pdf\">Programa e profesorado<\/a><\/li>\n<\/ul>\n\n\n\n<h2 class=\"wp-block-heading\"><strong>Inscrici\u00f3ns<\/strong><\/h2>\n\n\n\n<ul class=\"wp-block-list\">\n<li>Formaci\u00f3n gratuita.<\/li>\n\n\n\n<li>Data l\u00edmite de inscrici\u00f3n: 15 de novembro. <\/li>\n\n\n\n<li class=\"translation-block\">A inscrici\u00f3n debe realizarse a trav\u00e9s desta ligaz\u00f3n <strong> <a href=\"https:\/\/forms.gle\/LUPZt6xjRw4TUySEA\" target=\"_self\">https:\/\/forms.gle\/LUPZt6xjRw4TUySEA<\/a><\/strong><\/li>\n\n\n\n<li>Unha vez rematado o per\u00edodo de inscrici\u00f3n, remitir\u00e1selles \u00e1s persoas inscritas os datos de aceso.<\/li>\n<\/ul>\n\n\n\n<p><\/p>","protected":false},"excerpt":{"rendered":"<p>En el marco del convenio de colaboraci\u00f3n del Ilustre Colexio da Avogac\u00eda de Ourense con la Gerencia Territorial de Catastro, se ofrece a los colegiados y a las colegiadas la posibilidad de inscripci\u00f3n en un curso online sobre \u00abNociones b\u00e1sicas de Catastro para colegios profesionales\u00bb, a trav\u00e9s de la plataforma EDUCAT, dependiente de Catastro. La &hellip; <\/p>","protected":false},"author":1,"featured_media":1020,"comment_status":"closed","ping_status":"closed","sticky":false,"template":"","format":"standard","meta":{"footnotes":""},"categories":[12],"tags":[14],"class_list":["post-1016","post","type-post","status-publish","format-standard","has-post-thumbnail","hentry","category-noticias","tag-formacion"],"_links":{"self":[{"href":"https:\/\/icaourense.gal\/gl\/wp-json\/wp\/v2\/posts\/1016","targetHints":{"allow":["GET"]}}],"collection":[{"href":"https:\/\/icaourense.gal\/gl\/wp-json\/wp\/v2\/posts"}],"about":[{"href":"https:\/\/icaourense.gal\/gl\/wp-json\/wp\/v2\/types\/post"}],"author":[{"embeddable":true,"href":"https:\/\/icaourense.gal\/gl\/wp-json\/wp\/v2\/users\/1"}],"replies":[{"embeddable":true,"href":"https:\/\/icaourense.gal\/gl\/wp-json\/wp\/v2\/comments?post=1016"}],"version-history":[{"count":4,"href":"https:\/\/icaourense.gal\/gl\/wp-json\/wp\/v2\/posts\/1016\/revisions"}],"predecessor-version":[{"id":1045,"href":"https:\/\/icaourense.gal\/gl\/wp-json\/wp\/v2\/posts\/1016\/revisions\/1045"}],"wp:featuredmedia":[{"embeddable":true,"href":"https:\/\/icaourense.gal\/gl\/wp-json\/wp\/v2\/media\/1020"}],"wp:attachment":[{"href":"https:\/\/icaourense.gal\/gl\/wp-json\/wp\/v2\/media?parent=1016"}],"wp:term":[{"taxonomy":"category","embeddable":true,"href":"https:\/\/icaourense.gal\/gl\/wp-json\/wp\/v2\/categories?post=1016"},{"taxonomy":"post_tag","embeddable":true,"href":"https:\/\/icaourense.gal\/gl\/wp-json\/wp\/v2\/tags?post=1016"}],"curies":[{"name":"wp","href":"https:\/\/api.w.org\/{rel}","templated":true}]}}